{"id":10884,"date":"2025-04-28T12:21:26","date_gmt":"2025-04-28T16:21:26","guid":{"rendered":"https:\/\/www.cqcd.org\/blogue\/faire-de-la-diversite-generationnelle-un-atout-pour-votre-entreprise-pas-un-casse%e2%80%91tete\/"},"modified":"2025-04-28T13:10:31","modified_gmt":"2025-04-28T17:10:31","slug":"turning-generational-diversity-into-a-business-asset-not-a-headache","status":"publish","type":"blog_article","link":"https:\/\/www.cqcd.org\/en\/blog\/turning-generational-diversity-into-a-business-asset-not-a-headache\/","title":{"rendered":"Turning Generational Diversity into a Business Asset \u2013 Not a Headache!"},"content":{"rendered":"    \n\n\n\n\n\n\n\n\n\n\n\n\n\n<section data-module='m03a' class=\"md:u-pt-fl m-content m-content--image-double   u-bg-[var(--module-background-color)] \" style=\"--module-background-color:var(--color-tertiary-100); --pt-min-value:0; --pt-max-value:0;\">\n        <div class=\"l-container \" style=\"\" >\n        <div class=\"m-content__content u-pt-fl u-pb-fl u-px-fl u-text-[var(--module-text-color)]   \" style=\"--pt-min-value:7; --pt-max-value:10; --pb-min-value:7; --pb-max-value:10; --px-min-value:0; --px-max-value:0; \n                            \n                \n         \n\n    \n    --module-text-color:var(--root-color); --module-subtitle-color:var(--root-color); --module-image-bg-pattern-color:var(--color-tertiary-500); --module-typography-ul-marker-color:var(--color-primary-500); --module-typography-link-color:var(--color-primary-500); --module-typography-link-hover-color:var(--color-primary-500); --module-legend-text-color:var(--color-primary-500);\n \">\n            \n                                            \n                \n\n\n\n\n\n\n\n\n\n\n\n\n<main class=\"l-grid   l-grid--2@md   u-items-center  u-justify-start u-gap-y-fl u-text-left\" style=\"--gap-y-min-value:5; --gap-y-max-value:7; --grid-gutter:    \n                \n                \n    clamp(1.5000rem, 1.2727rem + 0.60606060606061vw, 2.0000rem)\n;\">\n                    <div class=\"l-grid__block\">\n            <picture     \n                        \n                                        \n                                            \n                                                                            \n                        \n     class=\"c-image   c-image-has-bg-pattern c-image-has-bg-pattern--right\" style=\"--border-radius: 8; --radius: 0; --image-bg-pattern-offset-amount:9; --image-bg-pattern-mobile-offset-amount:4.5; --image-bg-pattern-color:var(--color-quaternary-500);\"\n>\n    \n    \n    \n            <source\n            media=\"(min-width: 900px)\"\n            srcset=\"https:\/\/www.cqcd.org\/wp-content\/uploads\/2025\/04\/CQCD_LaJourneeRH-2025_webinaire-Bedard_1200x630.png\"\n            type=\"image\/png\"\n        >\n            <source\n            media=\"(min-width: 800px)\"\n            srcset=\"https:\/\/www.cqcd.org\/wp-content\/uploads\/2025\/04\/CQCD_LaJourneeRH-2025_webinaire-Bedard_1200x630-800x600.png\"\n            type=\"image\/png\"\n        >\n            <source\n            media=\"(min-width: 400px)\"\n            srcset=\"https:\/\/www.cqcd.org\/wp-content\/uploads\/2025\/04\/CQCD_LaJourneeRH-2025_webinaire-Bedard_1200x630-400x300.png\"\n            type=\"image\/png\"\n        >\n        <img loading=\"lazy\" decoding=\"async\"     \n                        \n                                        \n                                            \n                                        \n                                            \n                                        \n                                            \n                                        \n                                            \n                                        \n                                                                    \n                                        \n                                            \n                                                                            \n                        \n     class=\"u-w-full u-h-auto\" src=\"https:\/\/www.cqcd.org\/wp-content\/uploads\/2025\/04\/CQCD_LaJourneeRH-2025_webinaire-Bedard_1200x630.png\" alt width=\"1200\" height=\"630\" fetchpriority=\"auto\" style=\"\"\n\/>\n\n    <\/picture>\n        <\/div>\n                    <div class=\"l-grid__block\">\n            <div class=\"c-subtitle u-text-[var(--module-subtitle-color)] u-mb-4 u-text-140 u-font-semibold u-font-secondary\" >\n        HR Day 2025 \u2013 Innovative Human Resources Strategies for Retail\n    <\/div>\n\n    <h2 target class=\"c-title    c-title--300\" style=\"--title-emphasis-color: var(--color-root-white);\">\n        A webinar not to be missed!\n            <\/h2>\n\n                                        \n\n\n\n\n\n\n\n\n\n\n\n\n<div class=\"c-typography  u-mt-6 c-typography--paragraph-size\" style=\"--typography-paragraph-font-size: var(--font-size-180); --typography-max-width: 100%;\">\n    <p>On May 15, B\u00e9dard Human Resources will host a <a href=\"https:\/\/www.cqcd.org\/en\/events\/intergenerational-harmonization-an-underestimated-hr-lever-2\/\" target=\"_blank\" rel=\"noopener\">webinar focusing on intergenerational harmonization<\/a> to help you leverage the underestimated HR benefits of intergenerational diversity in your organization.<\/p>\n<p>The online conference, organized as part of <a href=\"https:\/\/www.cqcd.org\/en\/mega-events\/la-journee-rh-2025-2e-edition\/\" target=\"_blank\" rel=\"noopener\">HR Day 2025<\/a>, will explore the challenges, opportunities and levers associated with the cohabitation of several generations in a retail workplace.<\/p>\n\n<\/div>\n                                        \n\n\n\n\n\n\n\n\n\n\n\n            \n<div class=\"c-actions u-mt-fl\" style=\"--mt-min-value: 4; --mt-max-value: 7; --actions-gap: calc(var(--root-baseline) * 3); --actions-mobile-gap: calc(var(--root-baseline) * 3); --actions-nb: 1;\">\n        <div class=\"c-actions__wrapper  u-flex-row u-items-center u-justify-start\">\n                    \n                \n                                \n                \n                \n\n\n\n\n    \n\n\n\n\n<a href=\"https:\/\/www.cqcd.org\/en\/events\/intergenerational-harmonization-an-underestimated-hr-lever-2\/\" target=\"_blank\" class=\"c-btn c-btn--primary-500   c-btn--ghost   c-btn--fade\">\n                    <span>Learn more<\/span>\n                <\/a>\n                        <\/div>\n<\/div>\n        <\/div>\n    <\/main>\n                                <\/div>\n    <\/div>\n<\/section>\n\n\n    \n\n\n\n\n\n\n\n\n\n\n\n\n\n<section data-module='m03a' class=\"md:u-pt-fl m-content m-content--image-double    \" style=\"--container-width: 1200px; --module-background-color:var(--color-root-white); --pt-min-value:0; --pt-max-value:0;\">\n        <div class=\"l-container \" style=\"\" >\n        <div class=\"m-content__content u-pt-fl u-pb-fl u-px-fl u-text-[var(--module-text-color)] u-bg-[var(--module-background-color)]  \" style=\"--pt-min-value:7; --pt-max-value:10; --pb-min-value:7; --pb-max-value:10; --px-min-value:0; --px-max-value:0; \n                            \n         \n\n    \n    --module-text-color:var(--root-color); --module-subtitle-color:var(--root-color); --module-image-bg-pattern-color:var(--color-quaternary-500); --module-typography-ul-marker-color:var(--color-primary-500); --module-typography-link-color:var(--color-primary-500); --module-typography-link-hover-color:var(--color-primary-500); --module-legend-text-color:var(--color-primary-500);\n \">\n            \n                                            \n                \n\n\n\n\n\n\n\n\n\n\n\n\n<main class=\"l-grid      u-items-start  u-justify-start u-gap-y-fl u-text-left\" style=\"--gap-y-min-value:5; --gap-y-max-value:7; --grid-gutter:    \n                \n                \n    clamp(1.5000rem, 1.5000rem + 0vw, 1.5000rem)\n;\">\n                    <div class=\"l-grid__block\">\n            <h2 target class=\"c-title    c-title--300         u-mb-10\" style=\"--title-emphasis-color: var(--color-root-white);\">\n        Turning Generational Diversity into a Business Asset \u2013 Not a Headache!\n            <\/h2>\n\n                                        \n\n\n\n\n\n\n\n\n\n\n\n\n<div class=\"c-typography  c-typography--paragraph-size\" style=\"--typography-paragraph-font-size: var(--font-size-180); --typography-max-width: 100%;\">\n    <p>In today\u2019s rapidly evolving job market, local businesses are facing a wide range of major challenges: labor shortages, employee retention, technological transformation, economic uncertainty\u2026 More than ever, human resources play a central role in helping organizations adapt and perform. And yet, amid all this turbulence, one key human asset remains largely underutilized: <strong>intergenerational diversity<\/strong> within teams.<\/p>\n\n<\/div>\n        <\/div>\n    <\/main>\n                                <\/div>\n    <\/div>\n<\/section>\n\n\n    \n\n\n\n\n\n\n\n\n\n\n\n\n\n<section data-module='m03a' class=\"md:u-pt-fl m-content m-content--image-double    \" style=\"--container-width: 1200px; --module-background-color:var(--color-root-white); --pt-min-value:0; --pt-max-value:0;\">\n        <div class=\"l-container \" style=\"\" >\n        <div class=\"m-content__content u-pt-fl u-pb-fl u-px-fl u-text-[var(--module-text-color)] u-bg-[var(--module-background-color)]  \" style=\"--pt-min-value:7; --pt-max-value:10; --pb-min-value:7; --pb-max-value:10; --px-min-value:0; --px-max-value:0; \n                            \n         \n\n    \n    --module-text-color:var(--root-color); --module-subtitle-color:var(--root-color); --module-image-bg-pattern-color:var(--color-quaternary-500); --module-typography-ul-marker-color:var(--color-primary-500); --module-typography-link-color:var(--color-primary-500); --module-typography-link-hover-color:var(--color-primary-500); --module-legend-text-color:var(--color-primary-500);\n \">\n            \n                                            \n                \n\n\n\n\n\n\n\n\n\n\n\n\n<main class=\"l-grid      u-items-start  u-justify-start u-gap-y-fl u-text-left\" style=\"--gap-y-min-value:5; --gap-y-max-value:7; --grid-gutter:    \n                \n                \n    clamp(1.5000rem, 1.5000rem + 0vw, 1.5000rem)\n;\">\n                    <div class=\"l-grid__block\">\n            <h2 target class=\"c-title    c-title--300         u-mb-10\" style=\"--title-emphasis-color: var(--color-root-white);\">\n        Understanding the Value of Generations\n            <\/h2>\n\n                                        \n\n\n\n\n\n\n\n\n\n\n\n\n<div class=\"c-typography  c-typography--paragraph-size\" style=\"--typography-paragraph-font-size: var(--font-size-180); --typography-max-width: 100%;\">\n    <p>In many Quebec workplaces today, up to five generations work side by side. From Baby Boomers to Generations Z and Alpha, each group brings its own experiences, references, values, and view of the working world. These differences shouldn\u2019t be seen as obstacles\u2014far from it. They are <strong>a source of collective strength<\/strong>, as long as we know how to recognize and leverage them.<\/p>\n<p>Research confirms it: companies that value age diversity and encourage intergenerational dialogue perform better over the long term.<\/p>\n<p><strong>The benefits are numerous\u202f:<\/strong><\/p>\n<ul>\n<li>Improved employee retention<\/li>\n<li>Greater team engagement<\/li>\n<li>Boost in innovation<\/li>\n<li>Increased adaptability<\/li>\n<li>Smoother knowledge transfer<\/li>\n<\/ul>\n\n<\/div>\n        <\/div>\n    <\/main>\n                                <\/div>\n    <\/div>\n<\/section>\n\n\n    \n\n\n\n\n\n\n\n\n\n\n\n\n\n<section data-module='m03a' class=\"md:u-pt-fl m-content m-content--image-double   u-bg-[var(--module-background-color)] u-pb-10 md:u-pb-0 u-overflow-hidden\" style=\"--module-background-color:var(--color-primary-500); --pt-min-value:0; --pt-max-value:0;\">\n        <div class=\"l-container md:!u-px-0\" style=\"--container-width: 1920px;\" >\n        <div class=\"m-content__content u-pt-fl u-pb-fl u-px-fl u-text-[var(--module-text-color)]   \" style=\"--pt-min-value:0; --pt-max-value:0; --pb-min-value:0; --pb-max-value:0; --px-min-value:0; --px-max-value:0; \n                            \n                                                                        \n         \n\n    \n    --module-text-color:var(--color-root-white); --module-subtitle-color:var(--color-secondary-300); --module-image-bg-pattern-color:var(--color-quaternary-500); --module-typography-ul-marker-color:var(--color-secondary-300); --module-typography-link-color:var(--color-root-white); --module-typography-link-hover-color:var(--color-secondary-300); --module-legend-text-color:var(--color-root-white);\n --container-width: 1920px;\">\n            \n                                            \n                \n\n\n\n\n\n\n\n\n\n\n\n\n<main class=\"l-grid   l-grid--2@md   u-items-center  u-justify-start u-gap-y-fl u-text-left l-has-bg-patterns-m04-media-full md:!u-mx-0 md:u-flex-row-reverse\" style=\"--gap-y-min-value:5; --gap-y-max-value:7; --grid-gutter:    \n                \n                \n    clamp(1.5000rem, 0.3636rem + 3.030303030303vw, 4.0000rem)\n;\">\n                    <div class=\"l-grid__block     u-px-0 md:u-self-stretch\">\n            <picture     \n                        \n                                        \n                                            \n                                                                            \n                        \n     class=\"c-image      c-image--half-screen u-mx-[calc(var(--container-margin-mobile)*-1)] md:u-mx-0 md:u-h-full\" style=\"--radius: 0;\"\n>\n    \n    \n    \n            <source\n            media=\"(min-width: 960px)\"\n            srcset=\"https:\/\/www.cqcd.org\/wp-content\/uploads\/2025\/04\/Image-3-article-de-blogue_BEDARD-RH-800-x-800-diversite-generationnelle.jpg\"\n            type=\"image\/jpeg\"\n        >\n            <source\n            media=\"(min-width: 320px)\"\n            srcset=\"https:\/\/www.cqcd.org\/wp-content\/uploads\/2025\/04\/Image-3-article-de-blogue_BEDARD-RH-800-x-800-diversite-generationnelle-600x600.jpg\"\n            type=\"image\/jpeg\"\n        >\n        <img loading=\"lazy\" decoding=\"async\"     \n                        \n                                        \n                                            \n                                        \n                                            \n                                        \n                                            \n                                        \n                                            \n                                        \n                                                                    \n                                        \n                                            \n                                                                            \n                        \n     class=\"u-object-cover u-aspect-[var(--image-ratio)] u-h-auto md:u-h-full u-object-cover\" src=\"https:\/\/www.cqcd.org\/wp-content\/uploads\/2025\/04\/Image-3-article-de-blogue_BEDARD-RH-800-x-800-diversite-generationnelle.jpg\" alt width=\"800\" height=\"800\" fetchpriority=\"auto\" style=\"--image-ratio:960\/900;\"\n\/>\n\n    <\/picture>\n        <\/div>\n                    <div class=\"l-grid__block     md:u-px-8 md:u-py-8 xlg:u-px-[9cqw]\">\n            <h2 target class=\"c-title   c-title--200\" style=\"--title-emphasis-color: var(--color-root-white);\">\n        Five Practical Strategies to Maximize the Strengths of All Generations\n            <\/h2>\n\n                                        \n\n\n\n\n\n\n\n\n\n\n\n\n<div class=\"c-typography  u-mt-6 c-typography--paragraph-size\" style=\"--typography-paragraph-font-size: 1.5rem; --typography-max-width: 100%;\">\n    \n<\/div>\n        <\/div>\n    <\/main>\n                                <\/div>\n    <\/div>\n<\/section>\n\n\n    \n\n\n\n\n\n\n\n\n\n\n\n\n\n<section data-module='m03a' class=\"md:u-pt-fl m-content m-content--image-double   u-bg-[var(--module-background-color)] \" style=\"--module-background-color:var(--color-primary-50); --pt-min-value:0; --pt-max-value:0;\">\n        <div class=\"l-container \" style=\"\" >\n        <div class=\"m-content__content u-pt-fl u-pb-fl u-px-fl u-text-[var(--module-text-color)]   \" style=\"--pt-min-value:7; --pt-max-value:10; --pb-min-value:7; --pb-max-value:10; --px-min-value:0; --px-max-value:0; \n                            \n         \n\n    \n    --module-text-color:var(--root-color); --module-subtitle-color:var(--root-color); --module-image-bg-pattern-color:var(--color-quaternary-500); --module-typography-ul-marker-color:var(--color-primary-500); --module-typography-link-color:var(--color-primary-500); --module-typography-link-hover-color:var(--color-primary-500); --module-legend-text-color:var(--color-primary-500);\n \">\n            \n                                            \n                \n\n\n\n\n\n\n\n\n\n\n\n\n<main class=\"l-grid   l-grid--2@md   u-items-start  u-justify-start u-gap-y-fl u-text-left\" style=\"--gap-y-min-value:3; --gap-y-max-value:3; --grid-gutter:    \n                \n                \n    clamp(1.5000rem, 0.3636rem + 3.030303030303vw, 4.0000rem)\n;\">\n                    <div class=\"l-grid__block\">\n            <h2 target class=\"c-title    c-title--300\" style=\"--title-emphasis-color: var(--color-root-white);\">\n        1. Implement Two-Way Mentorship\n            <\/h2>\n        <\/div>\n                    <div class=\"l-grid__block\">\n            <div class=\"c-typography  c-typography--paragraph-size\" style=\"--typography-paragraph-font-size: var(--font-size-180); --typography-max-width: 100%;\">\n    <p>Mentorship shouldn\u2019t only flow in one direction. Of course, experienced employees can help younger ones develop professionally. But younger employees also bring value\u2014new technologies, digital agility, fresh market expectations. Reverse mentoring can become a powerful tool for mutual growth and knowledge transfer.<\/p>\n\n<\/div>\n        <\/div>\n    <\/main>\n                                <\/div>\n    <\/div>\n<\/section>\n\n\n    \n\n\n\n\n\n\n\n\n\n\n\n\n\n<section data-module='m03a' class=\"md:u-pt-fl m-content m-content--image-double   u-bg-[var(--module-background-color)] \" style=\"--module-background-color:var(--color-primary-50); --pt-min-value:0; --pt-max-value:0;\">\n        <div class=\"l-container \" style=\"\" >\n        <div class=\"m-content__content u-pt-fl u-pb-fl u-px-fl u-text-[var(--module-text-color)]   \" style=\"--pt-min-value:7; --pt-max-value:10; --pb-min-value:7; --pb-max-value:10; --px-min-value:0; --px-max-value:0; \n                            \n         \n\n    \n    --module-text-color:var(--root-color); --module-subtitle-color:var(--root-color); --module-image-bg-pattern-color:var(--color-quaternary-500); --module-typography-ul-marker-color:var(--color-primary-500); --module-typography-link-color:var(--color-primary-500); --module-typography-link-hover-color:var(--color-primary-500); --module-legend-text-color:var(--color-primary-500);\n \">\n            \n                                            \n                \n\n\n\n\n\n\n\n\n\n\n\n\n<main class=\"l-grid   l-grid--2@md   u-items-start  u-justify-start u-gap-y-fl u-text-left\" style=\"--gap-y-min-value:3; --gap-y-max-value:3; --grid-gutter:    \n                \n                \n    clamp(1.5000rem, 0.3636rem + 3.030303030303vw, 4.0000rem)\n;\">\n                    <div class=\"l-grid__block\">\n            <h2 target class=\"c-title    c-title--300\" style=\"--title-emphasis-color: var(--color-root-white);\">\n        2. Encourage Intergenerational Teams\n            <\/h2>\n        <\/div>\n                    <div class=\"l-grid__block\">\n            <div class=\"c-typography  c-typography--paragraph-size\" style=\"--typography-paragraph-font-size: var(--font-size-180); --typography-max-width: 100%;\">\n    <p>Rather than letting people naturally group with their own generation, managers can form mixed teams. Blending age groups on shared projects fosters cross-learning, creativity, and a deeper understanding of different perspectives.<\/p>\n\n<\/div>\n        <\/div>\n    <\/main>\n                                <\/div>\n    <\/div>\n<\/section>\n\n\n    \n\n\n\n\n\n\n\n\n\n\n\n\n\n<section data-module='m03a' class=\"md:u-pt-fl m-content m-content--image-double   u-bg-[var(--module-background-color)] \" style=\"--module-background-color:var(--color-primary-50); --pt-min-value:0; --pt-max-value:0;\">\n        <div class=\"l-container \" style=\"\" >\n        <div class=\"m-content__content u-pt-fl u-pb-fl u-px-fl u-text-[var(--module-text-color)]   \" style=\"--pt-min-value:7; --pt-max-value:10; --pb-min-value:7; --pb-max-value:10; --px-min-value:0; --px-max-value:0; \n                            \n         \n\n    \n    --module-text-color:var(--root-color); --module-subtitle-color:var(--root-color); --module-image-bg-pattern-color:var(--color-quaternary-500); --module-typography-ul-marker-color:var(--color-primary-500); --module-typography-link-color:var(--color-primary-500); --module-typography-link-hover-color:var(--color-primary-500); --module-legend-text-color:var(--color-primary-500);\n \">\n            \n                                            \n                \n\n\n\n\n\n\n\n\n\n\n\n\n<main class=\"l-grid   l-grid--2@md   u-items-start  u-justify-start u-gap-y-fl u-text-left\" style=\"--gap-y-min-value:3; --gap-y-max-value:3; --grid-gutter:    \n                \n                \n    clamp(1.5000rem, 0.3636rem + 3.030303030303vw, 4.0000rem)\n;\">\n                    <div class=\"l-grid__block\">\n            <h2 target class=\"c-title    c-title--300\" style=\"--title-emphasis-color: var(--color-root-white);\">\n        3. Adopt an Agile Management Style \n            <\/h2>\n        <\/div>\n                    <div class=\"l-grid__block\">\n            <div class=\"c-typography  c-typography--paragraph-size\" style=\"--typography-paragraph-font-size: var(--font-size-180); --typography-max-width: 100%;\">\n    <p>Today\u2019s managers can\u2019t rely on a one-size-fits-all approach. They must tailor their style to each employee\u2019s expectations and needs. One person may crave autonomy, another regular coaching. The key is to listen and adapt accordingly.<\/p>\n\n<\/div>\n        <\/div>\n    <\/main>\n                                <\/div>\n    <\/div>\n<\/section>\n\n\n    \n\n\n\n\n\n\n\n\n\n\n\n\n\n<section data-module='m03a' class=\"md:u-pt-fl m-content m-content--image-double   u-bg-[var(--module-background-color)] \" style=\"--module-background-color:var(--color-primary-50); --pt-min-value:0; --pt-max-value:0;\">\n        <div class=\"l-container \" style=\"\" >\n        <div class=\"m-content__content u-pt-fl u-pb-fl u-px-fl u-text-[var(--module-text-color)]   \" style=\"--pt-min-value:7; --pt-max-value:10; --pb-min-value:7; --pb-max-value:10; --px-min-value:0; --px-max-value:0; \n                            \n         \n\n    \n    --module-text-color:var(--root-color); --module-subtitle-color:var(--root-color); --module-image-bg-pattern-color:var(--color-quaternary-500); --module-typography-ul-marker-color:var(--color-primary-500); --module-typography-link-color:var(--color-primary-500); --module-typography-link-hover-color:var(--color-primary-500); --module-legend-text-color:var(--color-primary-500);\n \">\n            \n                                            \n                \n\n\n\n\n\n\n\n\n\n\n\n\n<main class=\"l-grid   l-grid--2@md   u-items-start  u-justify-start u-gap-y-fl u-text-left\" style=\"--gap-y-min-value:3; --gap-y-max-value:3; --grid-gutter:    \n                \n                \n    clamp(1.5000rem, 0.3636rem + 3.030303030303vw, 4.0000rem)\n;\">\n                    <div class=\"l-grid__block\">\n            <h2 target class=\"c-title    c-title--300\" style=\"--title-emphasis-color: var(--color-root-white);\">\n        4. Offer Flexibility and Variety\n            <\/h2>\n        <\/div>\n                    <div class=\"l-grid__block\">\n            <div class=\"c-typography  c-typography--paragraph-size\" style=\"--typography-paragraph-font-size: var(--font-size-180); --typography-max-width: 100%;\">\n    <p>An employee nearing retirement may not have the same motivations as a recent university graduate. HR must offer modular paths: flexible hours, remote work options, tailored development programs, personalized recognition, and more.<\/p>\n\n<\/div>\n        <\/div>\n    <\/main>\n                                <\/div>\n    <\/div>\n<\/section>\n\n\n    \n\n\n\n\n\n\n\n\n\n\n\n\n\n<section data-module='m03a' class=\"md:u-pt-fl m-content m-content--image-double   u-bg-[var(--module-background-color)] \" style=\"--module-background-color:var(--color-primary-50); --pt-min-value:0; --pt-max-value:0;\">\n        <div class=\"l-container \" style=\"\" >\n        <div class=\"m-content__content u-pt-fl u-pb-fl u-px-fl u-text-[var(--module-text-color)]   \" style=\"--pt-min-value:7; --pt-max-value:10; --pb-min-value:7; --pb-max-value:10; --px-min-value:0; --px-max-value:0; \n                            \n         \n\n    \n    --module-text-color:var(--root-color); --module-subtitle-color:var(--root-color); --module-image-bg-pattern-color:var(--color-quaternary-500); --module-typography-ul-marker-color:var(--color-primary-500); --module-typography-link-color:var(--color-primary-500); --module-typography-link-hover-color:var(--color-primary-500); --module-legend-text-color:var(--color-primary-500);\n \">\n            \n                                            \n                \n\n\n\n\n\n\n\n\n\n\n\n\n<main class=\"l-grid   l-grid--2@md   u-items-start  u-justify-start u-gap-y-fl u-text-left\" style=\"--gap-y-min-value:3; --gap-y-max-value:3; --grid-gutter:    \n                \n                \n    clamp(1.5000rem, 0.3636rem + 3.030303030303vw, 4.0000rem)\n;\">\n                    <div class=\"l-grid__block\">\n            <h2 target class=\"c-title    c-title--300\" style=\"--title-emphasis-color: var(--color-root-white);\">\n        5. Create a Culture of Recognition and Mutual Respect\n            <\/h2>\n        <\/div>\n                    <div class=\"l-grid__block\">\n            <div class=\"c-typography  c-typography--paragraph-size\" style=\"--typography-paragraph-font-size: var(--font-size-180); --typography-max-width: 100%;\">\n    <p>Breaking stereotypes is essential. No, young people are not all &#8220;in a rush&#8221; or &#8220;disloyal.&#8221; No, older workers are not all &#8220;technophobic&#8221; or &#8220;rigid.&#8221; By valuing everyone\u2019s contributions and establishing cross-generational recognition practices, companies can foster a healthy, inspiring work climate for all.<\/p>\n\n<\/div>\n        <\/div>\n    <\/main>\n                                <\/div>\n    <\/div>\n<\/section>\n\n\n    \n\n\n\n\n\n\n\n\n\n\n\n\n\n<section data-module='m03a' class=\"md:u-pt-fl m-content m-content--image-double   u-bg-[var(--module-background-color)] \" style=\"--module-background-color:var(--color-root-white); --pt-min-value:0; --pt-max-value:0;\">\n        <div class=\"l-container \" style=\"\" >\n        <div class=\"m-content__content u-pt-fl u-pb-fl u-px-fl u-text-[var(--module-text-color)]   \" style=\"--pt-min-value:7; --pt-max-value:10; --pb-min-value:7; --pb-max-value:10; --px-min-value:0; --px-max-value:0; \n                            \n         \n\n    \n    --module-text-color:var(--root-color); --module-subtitle-color:var(--root-color); --module-image-bg-pattern-color:var(--color-quaternary-500); --module-typography-ul-marker-color:var(--color-primary-500); --module-typography-link-color:var(--color-primary-500); --module-typography-link-hover-color:var(--color-primary-500); --module-legend-text-color:var(--color-primary-500);\n \">\n            \n                                            \n                \n\n\n\n\n\n\n\n\n\n\n\n\n<main class=\"l-grid   l-grid--2@md   u-items-center  u-justify-start u-gap-y-fl u-text-left  md:u-flex-row-reverse\" style=\"--gap-y-min-value:5; --gap-y-max-value:7; --grid-gutter:    \n                \n                \n    clamp(1.5000rem, 1.2727rem + 0.60606060606061vw, 2.0000rem)\n;\">\n                    <div class=\"l-grid__block\">\n            <picture     \n                        \n                                        \n                                            \n                                                                            \n                        \n     class=\"c-image   c-image-has-bg-pattern c-image-has-bg-pattern--left\" style=\"--border-radius: 8; --radius: 0; --image-bg-pattern-offset-amount:9; --image-bg-pattern-mobile-offset-amount:4.5; --image-bg-pattern-color:var(--color-quaternary-500);\"\n>\n    \n    \n    \n            <source\n            media=\"(min-width: 900px)\"\n            srcset=\"https:\/\/www.cqcd.org\/wp-content\/uploads\/2025\/03\/Article-Journee-RH-2025_par-Main-dans-la-main_image-2.jpg\"\n            type=\"image\/jpeg\"\n        >\n            <source\n            media=\"(min-width: 800px)\"\n            srcset=\"https:\/\/www.cqcd.org\/wp-content\/uploads\/2025\/03\/Article-Journee-RH-2025_par-Main-dans-la-main_image-2-800x600.jpg\"\n            type=\"image\/jpeg\"\n        >\n            <source\n            media=\"(min-width: 400px)\"\n            srcset=\"https:\/\/www.cqcd.org\/wp-content\/uploads\/2025\/03\/Article-Journee-RH-2025_par-Main-dans-la-main_image-2-400x300.jpg\"\n            type=\"image\/jpeg\"\n        >\n        <img loading=\"lazy\" decoding=\"async\"     \n                        \n                                        \n                                            \n                                        \n                                            \n                                        \n                                            \n                                        \n                                            \n                                        \n                                                                    \n                                        \n                                            \n                                                                            \n                        \n     class=\"u-w-full u-h-auto\" src=\"https:\/\/www.cqcd.org\/wp-content\/uploads\/2025\/03\/Article-Journee-RH-2025_par-Main-dans-la-main_image-2.jpg\" alt width=\"874\" height=\"644\" fetchpriority=\"auto\" style=\"\"\n\/>\n\n    <\/picture>\n        <\/div>\n                    <div class=\"l-grid__block\">\n            <h2 target class=\"c-title    c-title--300\" style=\"--title-emphasis-color: var(--color-root-white);\">\n        What Role Do HR Professionals Play?\n            <\/h2>\n\n                                        \n\n\n\n\n\n\n\n\n\n\n\n\n<div class=\"c-typography  u-mt-6 c-typography--paragraph-size\" style=\"--typography-paragraph-font-size: var(--font-size-180); --typography-max-width: 100%;\">\n    <p>HR professionals have a key role to play in implementing effective intergenerational strategies. This includes:<\/p>\n<ul>\n<li><strong>Raising awareness<\/strong> among managers about generational realities<\/li>\n<li><strong>Developing intergenerational training<\/strong> and leadership programs<\/li>\n<li>Analyzing HR data to <strong>detect<\/strong> <strong>generational trends<\/strong> (turnover, satisfaction, engagement, etc.)<\/li>\n<li><strong>Creating open dialogue spaces<\/strong> where generations can connect, ask questions, and break down barriers<\/li>\n<\/ul>\n\n<\/div>\n        <\/div>\n    <\/main>\n                                <\/div>\n    <\/div>\n<\/section>\n\n\n    \n\n\n\n\n\n\n\n\n\n\n\n\n\n<section data-module='m03a' class=\"md:u-pt-fl m-content m-content--image-double    \" style=\"--container-width: 1200px; --module-background-color:var(--color-root-white); --pt-min-value:0; --pt-max-value:0;\">\n        <div class=\"l-container \" style=\"\" >\n        <div class=\"m-content__content u-pt-fl u-pb-fl u-px-fl u-text-[var(--module-text-color)] u-bg-[var(--module-background-color)]  \" style=\"--pt-min-value:7; --pt-max-value:10; --pb-min-value:7; --pb-max-value:10; --px-min-value:0; --px-max-value:0; \n                            \n         \n\n    \n    --module-text-color:var(--root-color); --module-subtitle-color:var(--root-color); --module-image-bg-pattern-color:var(--color-quaternary-500); --module-typography-ul-marker-color:var(--color-primary-500); --module-typography-link-color:var(--color-primary-500); --module-typography-link-hover-color:var(--color-primary-500); --module-legend-text-color:var(--color-primary-500);\n \">\n            \n                                            \n                \n\n\n\n\n\n\n\n\n\n\n\n\n<main class=\"l-grid      u-items-start  u-justify-start u-gap-y-fl u-text-left\" style=\"--gap-y-min-value:5; --gap-y-max-value:7; --grid-gutter:    \n                \n                \n    clamp(1.5000rem, 1.5000rem + 0vw, 1.5000rem)\n;\">\n                    <div class=\"l-grid__block\">\n            <h2 target class=\"c-title    c-title--300         u-mb-10\" style=\"--title-emphasis-color: var(--color-root-white);\">\n        Betting on Generational Diversity Is Betting on the Future\n            <\/h2>\n\n                                        \n\n\n\n\n\n\n\n\n\n\n\n\n<div class=\"c-typography  c-typography--paragraph-size\" style=\"--typography-paragraph-font-size: var(--font-size-180); --typography-max-width: 100%;\">\n    <p>In a fast-moving world where uncertainty is now part of daily life, companies that navigate intergenerational dynamics with intelligence come out ahead. By embracing the unique contributions of each individual and fostering an inclusive organizational culture, companies don\u2019t just avoid conflict\u2014they boost engagement, performance, and talent retention.<\/p>\n<p>Instead of trying to \u201cstandardize\u201d practices, why not turn <strong>intergenerational harmony<\/strong> into a strong cultural signature?<\/p>\n<p>Because in the end, no matter our age, what truly matters is what we build together.<\/p>\n<p style=\"text-align: center;\"><strong>_____<\/strong><\/p>\n<p>Want to speak with an expert about how these strategies could impact your organization?\u00a0At B\u00e9dard Human Resources, we\u2019re here to help.<\/p>\n<p>Contact Marjolaine S\u00e9guin to learn more about our HR consulting services : <a href=\"mailto:marjolaine@bedardressources.com\" target=\"_blank\" rel=\"noopener\">marjolaine@bedardressources.com<\/a><\/p>\n\n<\/div>\n        <\/div>\n    <\/main>\n                                <\/div>\n    <\/div>\n<\/section>\n\n\n    \n\n\n\n\n\n\n\n\n\n\n\n\n\n<section data-module='m03a' class=\"md:u-pt-fl m-content m-content--image-double    \" style=\"--module-background-color:var(--color-tertiary-50); --pt-min-value:0; --pt-max-value:0;\">\n        <div class=\"l-container \" style=\"\" >\n        <div class=\"m-content__content u-pt-fl u-pb-fl u-px-fl u-text-[var(--module-text-color)] u-bg-[var(--module-background-color)] u-border-radius u-border-tertiary-500 u-border-2\" style=\"--pt-min-value:3; --pt-max-value:7; --pb-min-value:3; --pb-max-value:7; --px-min-value:3; --px-max-value:7; \n                            \n         \n\n    \n    --module-text-color:var(--root-color); --module-subtitle-color:var(--root-color); --module-image-bg-pattern-color:var(--color-quaternary-500); --module-typography-ul-marker-color:var(--color-primary-500); --module-typography-link-color:var(--color-primary-500); --module-typography-link-hover-color:var(--color-primary-500); --module-legend-text-color:var(--color-primary-500);\n \">\n            \n                                            \n                \n\n\n\n\n\n\n\n\n\n\n\n\n<main class=\"l-grid   l-grid--2@md   u-items-center  u-justify-start u-gap-y-fl u-text-left\" style=\"--gap-y-min-value:5; --gap-y-max-value:7; --grid-gutter:    \n                \n                \n    clamp(1.5000rem, 1.0455rem + 1.2121212121212vw, 2.5000rem)\n;\">\n                    <div class=\"l-grid__block\">\n            <picture     \n                        \n                                        \n                                            \n                                        \n                        \n     class=\"c-image\" \n>\n    \n    \n    \n        <img decoding=\"async\"     \n                        \n                                        \n                                            \n                                        \n                                            \n                                        \n                                                                                            \n                                        \n                                            \n                                                                            \n                        \n     class src=\"https:\/\/www.cqcd.org\/wp-content\/uploads\/2025\/04\/Journee-RH-2025_webinaire-Bedard-RH.png\" alt fetchpriority=\"auto\" style=\"\"\n\/>\n\n    <\/picture>\n        <\/div>\n                    <div class=\"l-grid__block\">\n            <div class=\"c-subtitle u-text-[var(--module-subtitle-color)] u-mb-4 u-text-140 u-font-semibold u-text-primary-500 u-font-secondary\" >\n        Events\n    <\/div>\n\n    <h2 target class=\"c-title    c-title--300\" style=\"--title-font-weight: 500; --title-emphasis-color: var(--color-root-white);\">\n        Intergenerational harmonization: an underestimated HR lever\n            <\/h2>\n\n                                        \n\n\n\n\n\n\n\n\n\n\n\n\n<div class=\"c-typography  u-mt-6\" style=\"--typography-max-width: 100%;\">\n    Ce webinaire explorera les impacts de l&#8217;IA, de l\u2019automatisation et de la num\u00e9risation sur le monde du travail et des ressources humaines.\n<\/div>\n                                        \n\n\n\n\n\n\n\n\n\n\n\n            \n<div class=\"c-actions u-mt-6\" style=\"--actions-gap: calc(var(--root-baseline) * 3); --actions-mobile-gap: calc(var(--root-baseline) * 3); --actions-nb: 1;\">\n        <div class=\"c-actions__wrapper  u-flex-row u-items-center u-justify-start\">\n                    \n                \n                                \n                \n                \n\n\n\n\n    \n\n\n\n\n<a href=\"https:\/\/www.cqcd.org\/en\/events\/intergenerational-harmonization-an-underestimated-hr-lever-2\/\" class=\"c-btn c-btn--primary-500      c-btn--fade\">\n                    <span>View the event <\/span>\n                <\/a>\n                        <\/div>\n<\/div>\n        <\/div>\n    <\/main>\n                                <\/div>\n    <\/div>\n<\/section>\n","protected":false},"excerpt":{"rendered":"<p>Rather than seeking to \u201cstandardize\u201d practices, why not make this intergenerational harmonization a strong cultural signature?<\/p>\n","protected":false},"featured_media":10879,"template":"","article_category":[102,120,122,123],"class_list":["post-10884","blog_article","type-blog_article","status-publish","has-post-thumbnail","hentry","article_category-retail-en","article_category-human-ressources-and-workforce","article_category-employer-branding","article_category-recruitment-employee-retention"],"acf":[],"yoast_head":"<!-- This site is optimized with the Yoast SEO plugin v27.2 - https:\/\/yoast.com\/product\/yoast-seo-wordpress\/ -->\n<title>Turning Generational Diversity into a Business Asset \u2013 Not a Headache! Conseil qu\u00e9b\u00e9cois du commerce de d\u00e9tail<\/title>\n<meta name=\"description\" content=\"HR practices: benefit from a strong cultural signature through intergenerational harmonization within your business.\" \/>\n<meta name=\"robots\" content=\"index, follow, max-snippet:-1, max-image-preview:large, max-video-preview:-1\" \/>\n<link rel=\"canonical\" href=\"https:\/\/www.cqcd.org\/en\/blog\/turning-generational-diversity-into-a-business-asset-not-a-headache\/\" \/>\n<meta property=\"og:locale\" content=\"en_US\" \/>\n<meta property=\"og:type\" content=\"article\" \/>\n<meta property=\"og:title\" content=\"Turning Generational Diversity into a Business Asset \u2013 Not a Headache!\" \/>\n<meta property=\"og:description\" content=\"Retail Council of Quebec (RCQ) | Blog\" \/>\n<meta property=\"og:url\" content=\"https:\/\/www.cqcd.org\/en\/blog\/turning-generational-diversity-into-a-business-asset-not-a-headache\/\" \/>\n<meta property=\"og:site_name\" content=\"Conseil qu\u00e9b\u00e9cois du commerce de d\u00e9tail\" \/>\n<meta property=\"article:modified_time\" content=\"2025-04-28T17:10:31+00:00\" \/>\n<meta name=\"twitter:card\" content=\"summary_large_image\" \/>\n<meta name=\"twitter:image\" content=\"https:\/\/www.cqcd.org\/wp-content\/uploads\/2025\/04\/Site-Web-tuile-437x322_article-de-blogue-CQCD_BEDARD-RH.png\" \/>\n<meta name=\"twitter:label1\" content=\"Est. reading time\" \/>\n\t<meta name=\"twitter:data1\" content=\"1 minute\" \/>\n<script type=\"application\/ld+json\" class=\"yoast-schema-graph\">{\"@context\":\"https:\/\/schema.org\",\"@graph\":[{\"@type\":\"WebPage\",\"@id\":\"https:\/\/www.cqcd.org\/en\/blog\/turning-generational-diversity-into-a-business-asset-not-a-headache\/\",\"url\":\"https:\/\/www.cqcd.org\/en\/blog\/turning-generational-diversity-into-a-business-asset-not-a-headache\/\",\"name\":\"Turning Generational Diversity into a Business Asset \u2013 Not a Headache! Conseil qu\u00e9b\u00e9cois du commerce de d\u00e9tail\",\"isPartOf\":{\"@id\":\"https:\/\/www.cqcd.org\/en\/#website\"},\"primaryImageOfPage\":{\"@id\":\"https:\/\/www.cqcd.org\/en\/blog\/turning-generational-diversity-into-a-business-asset-not-a-headache\/#primaryimage\"},\"image\":{\"@id\":\"https:\/\/www.cqcd.org\/en\/blog\/turning-generational-diversity-into-a-business-asset-not-a-headache\/#primaryimage\"},\"thumbnailUrl\":\"https:\/\/www.cqcd.org\/wp-content\/uploads\/2025\/04\/Site-Web-tuile-437x322_article-de-blogue-CQCD_BEDARD-RH.png\",\"datePublished\":\"2025-04-28T16:21:26+00:00\",\"dateModified\":\"2025-04-28T17:10:31+00:00\",\"description\":\"HR practices: benefit from a strong cultural signature through intergenerational harmonization within your business.\",\"breadcrumb\":{\"@id\":\"https:\/\/www.cqcd.org\/en\/blog\/turning-generational-diversity-into-a-business-asset-not-a-headache\/#breadcrumb\"},\"inLanguage\":\"en-US\",\"potentialAction\":[{\"@type\":\"ReadAction\",\"target\":[\"https:\/\/www.cqcd.org\/en\/blog\/turning-generational-diversity-into-a-business-asset-not-a-headache\/\"]}]},{\"@type\":\"ImageObject\",\"inLanguage\":\"en-US\",\"@id\":\"https:\/\/www.cqcd.org\/en\/blog\/turning-generational-diversity-into-a-business-asset-not-a-headache\/#primaryimage\",\"url\":\"https:\/\/www.cqcd.org\/wp-content\/uploads\/2025\/04\/Site-Web-tuile-437x322_article-de-blogue-CQCD_BEDARD-RH.png\",\"contentUrl\":\"https:\/\/www.cqcd.org\/wp-content\/uploads\/2025\/04\/Site-Web-tuile-437x322_article-de-blogue-CQCD_BEDARD-RH.png\",\"width\":437,\"height\":322,\"caption\":\"Blogue CQCD - diversit\u00e9 g\u00e9n\u00e9rationnelle - B\u00e9dard ressources humaines\"},{\"@type\":\"BreadcrumbList\",\"@id\":\"https:\/\/www.cqcd.org\/en\/blog\/turning-generational-diversity-into-a-business-asset-not-a-headache\/#breadcrumb\",\"itemListElement\":[{\"@type\":\"ListItem\",\"position\":1,\"name\":\"Accueil\",\"item\":\"https:\/\/www.cqcd.org\/en\/\"},{\"@type\":\"ListItem\",\"position\":2,\"name\":\"Turning Generational Diversity into a Business Asset \u2013 Not a Headache!\"}]},{\"@type\":\"WebSite\",\"@id\":\"https:\/\/www.cqcd.org\/en\/#website\",\"url\":\"https:\/\/www.cqcd.org\/en\/\",\"name\":\"Conseil qu\u00e9b\u00e9cois du commerce de d\u00e9tail\",\"description\":\"\",\"potentialAction\":[{\"@type\":\"SearchAction\",\"target\":{\"@type\":\"EntryPoint\",\"urlTemplate\":\"https:\/\/www.cqcd.org\/en\/?s={search_term_string}\"},\"query-input\":{\"@type\":\"PropertyValueSpecification\",\"valueRequired\":true,\"valueName\":\"search_term_string\"}}],\"inLanguage\":\"en-US\"}]}<\/script>\n<!-- \/ Yoast SEO plugin. -->","yoast_head_json":{"title":"Turning Generational Diversity into a Business Asset \u2013 Not a Headache! Conseil qu\u00e9b\u00e9cois du commerce de d\u00e9tail","description":"HR practices: benefit from a strong cultural signature through intergenerational harmonization within your business.","robots":{"index":"index","follow":"follow","max-snippet":"max-snippet:-1","max-image-preview":"max-image-preview:large","max-video-preview":"max-video-preview:-1"},"canonical":"https:\/\/www.cqcd.org\/en\/blog\/turning-generational-diversity-into-a-business-asset-not-a-headache\/","og_locale":"en_US","og_type":"article","og_title":"Turning Generational Diversity into a Business Asset \u2013 Not a Headache!","og_description":"Retail Council of Quebec (RCQ) | Blog","og_url":"https:\/\/www.cqcd.org\/en\/blog\/turning-generational-diversity-into-a-business-asset-not-a-headache\/","og_site_name":"Conseil qu\u00e9b\u00e9cois du commerce de d\u00e9tail","article_modified_time":"2025-04-28T17:10:31+00:00","twitter_card":"summary_large_image","twitter_image":"https:\/\/www.cqcd.org\/wp-content\/uploads\/2025\/04\/Site-Web-tuile-437x322_article-de-blogue-CQCD_BEDARD-RH.png","twitter_misc":{"Est. reading time":"1 minute"},"schema":{"@context":"https:\/\/schema.org","@graph":[{"@type":"WebPage","@id":"https:\/\/www.cqcd.org\/en\/blog\/turning-generational-diversity-into-a-business-asset-not-a-headache\/","url":"https:\/\/www.cqcd.org\/en\/blog\/turning-generational-diversity-into-a-business-asset-not-a-headache\/","name":"Turning Generational Diversity into a Business Asset \u2013 Not a Headache! Conseil qu\u00e9b\u00e9cois du commerce de d\u00e9tail","isPartOf":{"@id":"https:\/\/www.cqcd.org\/en\/#website"},"primaryImageOfPage":{"@id":"https:\/\/www.cqcd.org\/en\/blog\/turning-generational-diversity-into-a-business-asset-not-a-headache\/#primaryimage"},"image":{"@id":"https:\/\/www.cqcd.org\/en\/blog\/turning-generational-diversity-into-a-business-asset-not-a-headache\/#primaryimage"},"thumbnailUrl":"https:\/\/www.cqcd.org\/wp-content\/uploads\/2025\/04\/Site-Web-tuile-437x322_article-de-blogue-CQCD_BEDARD-RH.png","datePublished":"2025-04-28T16:21:26+00:00","dateModified":"2025-04-28T17:10:31+00:00","description":"HR practices: benefit from a strong cultural signature through intergenerational harmonization within your business.","breadcrumb":{"@id":"https:\/\/www.cqcd.org\/en\/blog\/turning-generational-diversity-into-a-business-asset-not-a-headache\/#breadcrumb"},"inLanguage":"en-US","potentialAction":[{"@type":"ReadAction","target":["https:\/\/www.cqcd.org\/en\/blog\/turning-generational-diversity-into-a-business-asset-not-a-headache\/"]}]},{"@type":"ImageObject","inLanguage":"en-US","@id":"https:\/\/www.cqcd.org\/en\/blog\/turning-generational-diversity-into-a-business-asset-not-a-headache\/#primaryimage","url":"https:\/\/www.cqcd.org\/wp-content\/uploads\/2025\/04\/Site-Web-tuile-437x322_article-de-blogue-CQCD_BEDARD-RH.png","contentUrl":"https:\/\/www.cqcd.org\/wp-content\/uploads\/2025\/04\/Site-Web-tuile-437x322_article-de-blogue-CQCD_BEDARD-RH.png","width":437,"height":322,"caption":"Blogue CQCD - diversit\u00e9 g\u00e9n\u00e9rationnelle - B\u00e9dard ressources humaines"},{"@type":"BreadcrumbList","@id":"https:\/\/www.cqcd.org\/en\/blog\/turning-generational-diversity-into-a-business-asset-not-a-headache\/#breadcrumb","itemListElement":[{"@type":"ListItem","position":1,"name":"Accueil","item":"https:\/\/www.cqcd.org\/en\/"},{"@type":"ListItem","position":2,"name":"Turning Generational Diversity into a Business Asset \u2013 Not a Headache!"}]},{"@type":"WebSite","@id":"https:\/\/www.cqcd.org\/en\/#website","url":"https:\/\/www.cqcd.org\/en\/","name":"Conseil qu\u00e9b\u00e9cois du commerce de d\u00e9tail","description":"","potentialAction":[{"@type":"SearchAction","target":{"@type":"EntryPoint","urlTemplate":"https:\/\/www.cqcd.org\/en\/?s={search_term_string}"},"query-input":{"@type":"PropertyValueSpecification","valueRequired":true,"valueName":"search_term_string"}}],"inLanguage":"en-US"}]}},"_links":{"self":[{"href":"https:\/\/www.cqcd.org\/en\/wp-json\/wp\/v2\/blog_article\/10884","targetHints":{"allow":["GET"]}}],"collection":[{"href":"https:\/\/www.cqcd.org\/en\/wp-json\/wp\/v2\/blog_article"}],"about":[{"href":"https:\/\/www.cqcd.org\/en\/wp-json\/wp\/v2\/types\/blog_article"}],"wp:featuredmedia":[{"embeddable":true,"href":"https:\/\/www.cqcd.org\/en\/wp-json\/wp\/v2\/media\/10879"}],"wp:attachment":[{"href":"https:\/\/www.cqcd.org\/en\/wp-json\/wp\/v2\/media?parent=10884"}],"wp:term":[{"taxonomy":"article_category","embeddable":true,"href":"https:\/\/www.cqcd.org\/en\/wp-json\/wp\/v2\/article_category?post=10884"}],"curies":[{"name":"wp","href":"https:\/\/api.w.org\/{rel}","templated":true}]}}