{"id":11991,"date":"2025-07-21T11:31:03","date_gmt":"2025-07-21T15:31:03","guid":{"rendered":"https:\/\/www.cqcd.org\/blogue\/reussir-a-linternational-les-strategies-gagnantes-pour-les-commerces-quebecois\/"},"modified":"2025-09-27T19:06:13","modified_gmt":"2025-09-27T23:06:13","slug":"winning-global-markets-a-roadmap-for-quebec-retailers","status":"publish","type":"blog_article","link":"https:\/\/www.cqcd.org\/en\/blog\/winning-global-markets-a-roadmap-for-quebec-retailers\/","title":{"rendered":"Winning Global Markets: A Roadmap for Quebec Retailers"},"content":{"rendered":"    \n\n\n\n\n\n\n\n\n\n\n\n\n\n<section data-module='m03a' class=\"md:u-pt-fl m-content m-content--image-double    \" style=\"--container-width: 1200px; --module-background-color:var(--color-root-white); --pt-min-value:0; --pt-max-value:0;\">\n        <div class=\"l-container \" style=\"\" >\n        <div class=\"m-content__content u-pt-fl u-pb-fl u-px-fl u-text-[var(--module-text-color)] u-bg-[var(--module-background-color)]  \" style=\"--pt-min-value:7; --pt-max-value:10; --pb-min-value:7; --pb-max-value:10; --px-min-value:0; --px-max-value:0; \n                            \n         \n\n    \n    --module-text-color:var(--root-color); --module-subtitle-color:var(--root-color); --module-image-bg-pattern-color:var(--color-quaternary-500); --module-typography-ul-marker-color:var(--color-primary-500); --module-typography-link-color:var(--color-primary-500); --module-typography-link-hover-color:var(--color-primary-500); --module-legend-text-color:var(--color-primary-500);\n \">\n            \n                                            \n                \n\n\n\n\n\n\n\n\n\n\n\n\n<main class=\"l-grid      u-items-start  u-justify-start u-gap-y-fl u-text-left\" style=\"--gap-y-min-value:5; --gap-y-max-value:7; --grid-gutter:    \n                \n                \n    clamp(1.5000rem, 1.5000rem + 0vw, 1.5000rem)\n;\">\n                    <div class=\"l-grid__block\">\n            <div class=\"c-typography  c-typography--paragraph-size\" style=\"--typography-paragraph-font-size: var(--font-size-180); --typography-max-width: 100%;\">\n    <p>The Retail Council of Quebec presents the 2<sup>nd<\/sup> edition of the <em><strong>Next Gen Retail Perspective<\/strong><\/em>, a series of 4 articles, each written by a student from McGill University\u2019s Bensadoun School of Retail Management (BSRM).<\/p>\n<p>This series offers an opportunity to explore the ideas and perspectives of young professionals who are shaping the retail world of tomorrow. Discover Selina Ved\u2019s perspective!<\/p>\n\n<\/div>\n        <\/div>\n    <\/main>\n                                <\/div>\n    <\/div>\n<\/section>\n\n\n    \n\n\n\n\n\n\n\n\n\n\n\n\n\n<section data-module='m03a' class=\"md:u-pt-fl m-content m-content--image-double   u-bg-[var(--module-background-color)] \" style=\"--module-background-color:var(--color-root-white); --pt-min-value:0; --pt-max-value:0;\">\n        <div class=\"l-container \" style=\"\" >\n        <div class=\"m-content__content u-pt-fl u-pb-fl u-px-fl u-text-[var(--module-text-color)]   \" style=\"--pt-min-value:7; --pt-max-value:10; --pb-min-value:7; --pb-max-value:10; --px-min-value:0; --px-max-value:0; \n                            \n         \n\n    \n    --module-text-color:var(--root-color); --module-subtitle-color:var(--root-color); --module-image-bg-pattern-color:var(--color-quaternary-500); --module-typography-ul-marker-color:var(--color-primary-500); --module-typography-link-color:var(--color-primary-500); --module-typography-link-hover-color:var(--color-primary-500); --module-legend-text-color:var(--color-primary-500);\n \">\n            \n                                            \n                \n\n\n\n\n\n\n\n\n\n\n\n\n<main class=\"l-grid   l-grid--2@md   u-items-center  u-justify-start u-gap-y-fl u-text-left\" style=\"--gap-y-min-value:5; --gap-y-max-value:7; --grid-gutter:    \n                \n                \n    clamp(1.5000rem, 1.2727rem + 0.60606060606061vw, 2.0000rem)\n;\">\n                    <div class=\"l-grid__block\">\n            <picture     \n                        \n                                        \n                                            \n                                                                            \n                        \n     class=\"c-image   c-image-has-bg-pattern c-image-has-bg-pattern--right\" style=\"--border-radius: 8; --radius: 0; --image-bg-pattern-offset-amount:9; --image-bg-pattern-mobile-offset-amount:4.5; --image-bg-pattern-color:var(--color-quaternary-500);\"\n>\n    \n    \n    \n            <source\n            media=\"(min-width: 900px)\"\n            srcset=\"https:\/\/www.cqcd.org\/wp-content\/uploads\/2025\/07\/Selina-Ved_site-Web-CQCD_500x500.png\"\n            type=\"image\/png\"\n        >\n            <source\n            media=\"(min-width: 800px)\"\n            srcset=\"https:\/\/www.cqcd.org\/wp-content\/uploads\/2025\/07\/Selina-Ved_site-Web-CQCD_500x500.png\"\n            type=\"image\/png\"\n        >\n            <source\n            media=\"(min-width: 400px)\"\n            srcset=\"https:\/\/www.cqcd.org\/wp-content\/uploads\/2025\/07\/Selina-Ved_site-Web-CQCD_500x500-400x300.png\"\n            type=\"image\/png\"\n        >\n        <img loading=\"lazy\" decoding=\"async\"     \n                        \n                                        \n                                            \n                                        \n                                            \n                                        \n                                            \n                                        \n                                            \n                                        \n                                                                    \n                                        \n                                            \n                                                                            \n                        \n     class=\"u-w-full u-h-auto\" src=\"https:\/\/www.cqcd.org\/wp-content\/uploads\/2025\/07\/Selina-Ved_site-Web-CQCD_500x500.png\" alt width=\"500\" height=\"500\" fetchpriority=\"auto\" style=\"\"\n\/>\n\n    <\/picture>\n        <\/div>\n                    <div class=\"l-grid__block\">\n            <div class=\"c-subtitle u-text-[var(--module-subtitle-color)] u-mb-4 u-text-140 u-font-semibold u-font-secondary\" >\n        Biography\n    <\/div>\n\n    <h2 target class=\"c-title    c-title--300\" style=\"--title-emphasis-color: var(--color-root-white);\">\n        Selina Ved\n            <\/h2>\n\n                                        \n\n\n\n\n\n\n\n\n\n\n\n\n<div class=\"c-typography  u-mt-6 c-typography--paragraph-size\" style=\"--typography-paragraph-font-size: var(--font-size-180); --typography-max-width: 100%;\">\n    <p>Selina Ved is a second-generation entrepreneur, visionary founder of Nessa.com and co-founder of Nysaa. Her parents, Nilesh and Sima Ved, are the founders of the largest retail conglomerate in the Middle East.<\/p>\n<p>Through Nessa, she has introduced over 250 global beauty brands to the Gulf States in the Middle East, including 25 exclusivities. By leveraging AI and predictive analytics to enhance the shopping experience, Selina has carved her own path in the beauty industry through her innovative approach. This success has earned her a place on Forbes Middle East&#8217;s<em> 30 Under 30<\/em> list in 2022.<\/p>\n<p>Selina also co-founded Nysaa, a joint venture Apparel Group and Nykaa which blends local culture with cutting-edge technology to revolutionize beauty retailing in the Gulf region. Ambitious, she aims to open 100 stores in the Middle East.<\/p>\n<p>Currently pursuing her Master\u2019s degree in Retail Management at McGill University\u2019s Bensadoun School of Retail Business, Selina combines her academic knowledge with her entrepreneurial expertise to continue redefining the landscape of beauty retailing.<\/p>\n\n<\/div>\n        <\/div>\n    <\/main>\n                                <\/div>\n    <\/div>\n<\/section>\n\n\n    \n\n\n\n\n\n\n\n\n\n\n\n\n\n<section data-module='m03a' class=\"md:u-pt-fl m-content m-content--image-double    \" style=\"--container-width: 1200px; --module-background-color:var(--color-root-white); --pt-min-value:0; --pt-max-value:0;\">\n        <div class=\"l-container \" style=\"\" >\n        <div class=\"m-content__content u-pt-fl u-pb-fl u-px-fl u-text-[var(--module-text-color)] u-bg-[var(--module-background-color)]  \" style=\"--pt-min-value:7; --pt-max-value:10; --pb-min-value:7; --pb-max-value:10; --px-min-value:0; --px-max-value:0; \n                            \n         \n\n    \n    --module-text-color:var(--root-color); --module-subtitle-color:var(--root-color); --module-image-bg-pattern-color:var(--color-quaternary-500); --module-typography-ul-marker-color:var(--color-primary-500); --module-typography-link-color:var(--color-primary-500); --module-typography-link-hover-color:var(--color-primary-500); --module-legend-text-color:var(--color-primary-500);\n \">\n            \n                                            \n                \n\n\n\n\n\n\n\n\n\n\n\n\n<main class=\"l-grid      u-items-start  u-justify-start u-gap-y-fl u-text-left\" style=\"--gap-y-min-value:5; --gap-y-max-value:7; --grid-gutter:    \n                \n                \n    clamp(1.5000rem, 1.5000rem + 0vw, 1.5000rem)\n;\">\n                    <div class=\"l-grid__block\">\n            <h2 target class=\"c-title    c-title--300         u-mb-10\" style=\"--title-emphasis-color: var(--color-root-white);\">\n        Winning Global Markets: A Roadmap for&nbsp;Quebec Retailers\n            <\/h2>\n\n                                        \n\n\n\n\n\n\n\n\n\n\n\n\n<div class=\"c-typography  c-typography--paragraph-size\" style=\"--typography-paragraph-font-size: var(--font-size-180); --typography-max-width: 100%;\">\n    <p>Retail has always fascinated me as a dynamic industry that blends innovation, consumer behavior, and global trends. Growing up immersed in retail through my family\u2019s business, Apparel Group, I\u2019ve had the privilege of witnessing firsthand the challenges and rewards of expanding brands to international markets \u2014 particularly in the Middle East and India, two of the world\u2019s most exciting and fast-evolving retail regions. From launching Aldo, Ardene, and La Vie en Rose in the Middle East to adapting brands like Tim Hortons to new cultures, I\u2019ve come to appreciate the critical role of strategic planning, cultural adaptation, and choosing the right partners in global expansion.<\/p>\n\n<\/div>\n        <\/div>\n    <\/main>\n                                <\/div>\n    <\/div>\n<\/section>\n\n\n    \n\n\n\n\n\n\n\n\n<section class=\"m-accordion u-pt-fl u-pb-fl u-bg-[var(--module-background-color)] u-text-[var(--module-text-color)]\" data-module='m06' aria-busy=\"true\" style=\"--container-width: 1144px;; --pt-min-value: 7; --pt-max-value: 10; --pb-min-value: 7; --pb-max-value: 10; --module-background-color: transparent; --module-text-color: var(--root-color)\">\n    <div class=\"l-container\">\n                \n\n\n\n\n\n\n\n\n\n\n<div class=\"c-accordion u-gap-[var(--accordion-gap)]\" data-toggler='{\"alwaysOneOpen\":false,\"ariaExpanded\":true,\"ariaControls\":true,\"expander\":false,\"onlyOneOpen\":true,\"scrollTo\":true,\"slug\":false}' aria-busy=\"true\" style=\"--accordion-gap: calc(var(--root-baseline) * 2);\">\n            <div class=\"c-accordion__element\">\n            <div class=\"c-accordion__trigger\"\n                role=\"button\"\n                data-toggler-trigger='{\n                    \"name\": \"c06-item-1\"\n                }'\n            >\n                                    \n\n\n\n\n\n\n    \n\n\n\n\n\n\n    <h4 target class=\"c-title             c-accordion__trigger-title\" style=\"--title-emphasis-color: var(--color-root-white);\">\n        About Apparel Group\n            <\/h4>\n\n                                <div class=\"c-accordion__icon\" aria-hidden>\n                    \n\n\n\n\n\n\n\n    <svg class=\"icons icons--circle-angle-down\"  aria-hidden=\"true\">\n                <use href=\"\/wp-content\/themes\/globalia-theme\/dist\/icons\/icon-system.svg#circle-angle-down\"><\/use>\n    <\/svg>\n                <\/div>\n            <\/div>\n\n            <div class=\"c-accordion__target\"\n                data-toggler-target='{\n                    \"name\": \"c06-item-1\"\n                }'\n            >\n                <div class=\"c-accordion__content\">\n                                            \n\n\n\n\n\n\n\n\n\n\n\n\n<div class=\"l-grid      u-items-start  u-justify-start u-gap-y-fl\" style=\"--gap-y-min-value:5; --gap-y-max-value:7; --grid-gutter:    \n                \n                \n    clamp(1.5000rem, 1.5000rem + 0vw, 1.5000rem)\n;\">\n                    <div class=\"l-grid__block\">\n            <div class=\"c-typography\" style=\"--typography-max-width: 100%;\">\n    <p>Apparel Group is a multinational retail conglomerate headquartered in the Middle East, specializing in bringing global brands to new markets. With over 2,000 stores across 14 countries and a diverse portfolio of 80+ brands, the company operates in fashion, footwear, food &amp; beverage, beauty, and lifestyle retail. It is particularly active in two of the most dynamic and high-growth regions in the world: the GCC (including the UAE and the Kingdom of Saudi Arabia) and India.<\/p>\n<p>Apparel Group has played a pivotal role in scaling Canadian and Quebec brands globally, operating more than 150 Aldo stores, over 20 La Vie en Rose stores, and 15 Ard\u00e8ne stores across the Middle East and India.<\/p>\n\n<\/div>\n        <\/div>\n    <\/div>\n                                    <\/div>\n            <\/div>\n        <\/div>\n    <\/div>\n            <\/div>\n<\/section>\n\n\n    \n\n\n\n\n\n\n\n\n\n\n\n\n\n<section data-module='m03a' class=\"md:u-pt-fl m-content m-content--image-double    \" style=\"--container-width: 1200px; --module-background-color:var(--color-root-white); --pt-min-value:0; --pt-max-value:0;\">\n        <div class=\"l-container \" style=\"\" >\n        <div class=\"m-content__content u-pt-fl u-pb-fl u-px-fl u-text-[var(--module-text-color)] u-bg-[var(--module-background-color)]  \" style=\"--pt-min-value:7; --pt-max-value:10; --pb-min-value:7; --pb-max-value:10; --px-min-value:0; --px-max-value:0; \n                            \n         \n\n    \n    --module-text-color:var(--root-color); --module-subtitle-color:var(--root-color); --module-image-bg-pattern-color:var(--color-quaternary-500); --module-typography-ul-marker-color:var(--color-primary-500); --module-typography-link-color:var(--color-primary-500); --module-typography-link-hover-color:var(--color-primary-500); --module-legend-text-color:var(--color-primary-500);\n \">\n            \n                                            \n                \n\n\n\n\n\n\n\n\n\n\n\n\n<main class=\"l-grid      u-items-start  u-justify-start u-gap-y-fl u-text-left\" style=\"--gap-y-min-value:5; --gap-y-max-value:7; --grid-gutter:    \n                \n                \n    clamp(1.5000rem, 1.5000rem + 0vw, 1.5000rem)\n;\">\n                    <div class=\"l-grid__block\">\n            <h2 target class=\"c-title    c-title--300         u-mb-10\" style=\"--title-emphasis-color: var(--color-root-white);\">\n        The Unique Value of Quebec Brands\n            <\/h2>\n\n                                        \n\n\n\n\n\n\n\n\n\n\n\n\n<div class=\"c-typography  c-typography--paragraph-size\" style=\"--typography-paragraph-font-size: var(--font-size-180); --typography-max-width: 100%;\">\n    <p>Quebec brands hold a special place in global retail. Their European-inspired sophistication combined with North American operational efficiency makes them highly adaptable in diverse international markets. However, while expansion brings exciting opportunities, it also requires brands to overcome key challenges\u2014from regulatory compliance to cultural nuances. This article serves as a practical framework for Quebec brands and SMEs aiming to expand globally, with lessons drawn from the international journeys of Aldo and Tim Hortons.<\/p>\n\n<\/div>\n        <\/div>\n    <\/main>\n                                <\/div>\n    <\/div>\n<\/section>\n\n\n    \n\n\n\n\n\n\n\n\n\n\n\n\n\n<section data-module='m03a' class=\"md:u-pt-fl m-content m-content--image-double    \" style=\"--container-width: 1200px; --module-background-color:var(--color-root-white); --pt-min-value:0; --pt-max-value:0;\">\n        <div class=\"l-container \" style=\"\" >\n        <div class=\"m-content__content u-pt-fl u-pb-fl u-px-fl u-text-[var(--module-text-color)] u-bg-[var(--module-background-color)]  \" style=\"--pt-min-value:7; --pt-max-value:10; --pb-min-value:7; --pb-max-value:10; --px-min-value:0; --px-max-value:0; \n                            \n         \n\n    \n    --module-text-color:var(--root-color); --module-subtitle-color:var(--root-color); --module-image-bg-pattern-color:var(--color-quaternary-500); --module-typography-ul-marker-color:var(--color-primary-500); --module-typography-link-color:var(--color-primary-500); --module-typography-link-hover-color:var(--color-primary-500); --module-legend-text-color:var(--color-primary-500);\n \">\n            \n                                            \n                \n\n\n\n\n\n\n\n\n\n\n\n\n<main class=\"l-grid      u-items-start  u-justify-start u-gap-y-fl u-text-left\" style=\"--gap-y-min-value:5; --gap-y-max-value:7; --grid-gutter:    \n                \n                \n    clamp(1.5000rem, 1.5000rem + 0vw, 1.5000rem)\n;\">\n                    <div class=\"l-grid__block\">\n            <h2 target class=\"c-title    c-title--300         u-mb-10\" style=\"--title-emphasis-color: var(--color-root-white);\">\n        Checklist for Successful International Expansion: 10 Key Factors\n            <\/h2>\n\n                                        \n\n\n\n\n\n\n\n\n\n\n\n\n<div class=\"c-typography  c-typography--paragraph-size\" style=\"--typography-paragraph-font-size: var(--font-size-180); --typography-max-width: 100%;\">\n    <p>Before expanding globally, Quebec-based brands must assess several key factors to ensure a smooth and sustainable entry into a new market. The following checklist provides a structured approach for planning thoughtfully the international growth of a retail business.<\/p>\n<h6>1. Market Research<\/h6>\n<ul>\n<li>Analyze consumer behaviour, purchasing power, and local competition.<\/li>\n<li>Identify regions with emerging demand for your product category and understand key growth drivers.<\/li>\n<\/ul>\n<h6>2. Regulatory Compliance<\/h6>\n<ul>\n<li>Understand franchising laws, import duties, product safety norms, and local retail regulations.<\/li>\n<li>Ensure proper registration of trademarks and compliance with data privacy and labor laws.<\/li>\n<\/ul>\n<h6>3. Market-Driven Offer<\/h6>\n<ul>\n<li>Adapt product offerings to reflect local cultural, geographic, and consumer preferences\u2014including climate, religious beliefs, lifestyle habits, and socioeconomic context.<\/li>\n<li>Tailor packaging, sizing, and product names to resonate with local expectations, languages, and functional needs.<\/li>\n<\/ul>\n<h6>4. Cultural Sensitivity<\/h6>\n<ul>\n<li>Localize marketing messages, visuals, and campaigns to align with regional customs and values.<\/li>\n<li>Avoid messages that could be misinterpreted or deemed inappropriate in the target market.<\/li>\n<\/ul>\n<h6>5. Choosing the Right Partner<\/h6>\n<ul>\n<li>Collaborate with experienced local partners\u2014retailers, mall operators, or distributors\u2014 who are aligned with your brand\u2019s vision, values, and goals.<\/li>\n<li>The right partner brings market knowledge, cultural fluency, and operational expertise. A misaligned or inexperienced partner can hinder market entry and dilute brand execution.<\/li>\n<\/ul>\n<h6>6. Omnichannel Strategy<\/h6>\n<ul>\n<li>Develop a unified retail experience by integrating physical stores with digital commerce.<\/li>\n<li>Ensure the online platform supports localized language, payment options, and shipping logistics.<\/li>\n<\/ul>\n<h6>7. Operational Readiness<\/h6>\n<ul>\n<li>Optimize inventory management, supply chain efficiency, and warehousing to meet local demand.<\/li>\n<li>Train regional teams to ensure service quality and consistency across markets.<\/li>\n<\/ul>\n<h6>8. Brand Positioning &amp; Pricing Strategy<\/h6>\n<ul>\n<li>Position the brand taking into account competition, economic conditions, income and consumer expectations in the target region.<\/li>\n<li>Price products at a price point that is both accessible to the target clientele and aligned with the brand&#8217;s identity.<\/li>\n<\/ul>\n<h6>9. Digital &amp; Social Media Marketing<\/h6>\n<ul>\n<li>Leverage local digital platforms (e.g., WeChat in China, Instagram and Snapchat in the Middle East, TikTok in Southeast Asia).<\/li>\n<li>Collaborate with local influencers and content creators to build up a community and ensure brand authenticity.<\/li>\n<\/ul>\n<h6>10. Sustainability &amp; Consumer Trends<\/h6>\n<ul>\n<li>Align with rising global demand for sustainability by highlighting eco-conscious materials, ethical sourcing, and fair labor practices.<\/li>\n<li>Implement and promote Corporate Social Responsibility (CSR) initiatives relevant to the local community and environment.<\/li>\n<\/ul>\n\n<\/div>\n        <\/div>\n    <\/main>\n                                <\/div>\n    <\/div>\n<\/section>\n\n\n    \n\n\n\n\n\n\n\n\n\n\n\n\n\n<section data-module='m03a' class=\"md:u-pt-fl m-content m-content--image-double    \" style=\"--container-width: 1200px; --module-background-color:var(--color-root-white); --pt-min-value:0; --pt-max-value:0;\">\n        <div class=\"l-container \" style=\"\" >\n        <div class=\"m-content__content u-pt-fl u-pb-fl u-px-fl u-text-[var(--module-text-color)] u-bg-[var(--module-background-color)]  \" style=\"--pt-min-value:7; --pt-max-value:10; --pb-min-value:7; --pb-max-value:10; --px-min-value:0; --px-max-value:0; \n                            \n         \n\n    \n    --module-text-color:var(--root-color); --module-subtitle-color:var(--root-color); --module-image-bg-pattern-color:var(--color-quaternary-500); --module-typography-ul-marker-color:var(--color-primary-500); --module-typography-link-color:var(--color-primary-500); --module-typography-link-hover-color:var(--color-primary-500); --module-legend-text-color:var(--color-primary-500);\n \">\n            \n                                            \n                \n\n\n\n\n\n\n\n\n\n\n\n\n<main class=\"l-grid      u-items-start  u-justify-start u-gap-y-fl u-text-left\" style=\"--gap-y-min-value:5; --gap-y-max-value:7; --grid-gutter:    \n                \n                \n    clamp(1.5000rem, 1.5000rem + 0vw, 1.5000rem)\n;\">\n                    <div class=\"l-grid__block\">\n            <h2 target class=\"c-title    c-title--300         u-mb-10\" style=\"--title-emphasis-color: var(--color-root-white);\">\n        Understanding Global Markets: Key&nbsp;Differences and Opportunities\n            <\/h2>\n\n                                        \n\n\n\n\n\n\n\n\n\n\n\n\n<div class=\"c-typography  c-typography--paragraph-size\" style=\"--typography-paragraph-font-size: var(--font-size-180); --typography-max-width: 100%;\">\n    <p>For a successful international expansion, Quebec retailers must understand the distinct characteristics of each major market. Each region presents unique consumer behaviours, regulatory challenges and market entry strategies that businesses must carefully assess to effectively navigate their way through.<\/p>\n\n<\/div>\n        <\/div>\n    <\/main>\n                                <\/div>\n    <\/div>\n<\/section>\n\n\n    \n\n\n\n\n\n\n\n\n\n\n\n\n\n<section data-module='m03a' class=\"md:u-pt-fl m-content m-content--image-double   u-bg-[var(--module-background-color)] \" style=\"--module-background-color:var(--color-quaternary-100); --pt-min-value:0; --pt-max-value:0;\">\n        <div class=\"l-container \" style=\"\" >\n        <div class=\"m-content__content u-pt-fl u-pb-fl u-px-fl u-text-[var(--module-text-color)]   \" style=\"--pt-min-value:7; --pt-max-value:10; --pb-min-value:7; --pb-max-value:10; --px-min-value:0; --px-max-value:0; \n                            \n                \n         \n\n    \n    --module-text-color:var(--root-color); --module-subtitle-color:var(--root-color); --module-image-bg-pattern-color:var(--color-quaternary-500); --module-typography-ul-marker-color:var(--color-primary-500); --module-typography-link-color:var(--color-primary-500); --module-typography-link-hover-color:var(--color-primary-500); --module-legend-text-color:var(--color-primary-500);\n \">\n            \n                                            \n                \n\n\n\n\n\n\n\n\n\n\n\n\n<main class=\"l-grid   l-grid--2@md   u-items-center  u-justify-start u-gap-y-fl u-text-left  md:u-flex-row-reverse\" style=\"--gap-y-min-value:5; --gap-y-max-value:7; --grid-gutter:    \n                \n                \n    clamp(1.5000rem, 1.2727rem + 0.60606060606061vw, 2.0000rem)\n;\">\n                    <div class=\"l-grid__block\">\n            <picture     \n                        \n                                        \n                                            \n                                                                            \n                        \n     class=\"c-image   c-image-has-bg-pattern c-image-has-bg-pattern--left\" style=\"--border-radius: 8; --radius: 0; --image-bg-pattern-offset-amount:9; --image-bg-pattern-mobile-offset-amount:4.5; --image-bg-pattern-color:var(--color-quaternary-500);\"\n>\n    \n    \n    \n            <source\n            media=\"(min-width: 900px)\"\n            srcset=\"https:\/\/www.cqcd.org\/wp-content\/uploads\/2025\/07\/Blogue-CQCD-437x322_New-York_photo-par-Wallula-Pixabay.jpg\"\n            type=\"image\/jpeg\"\n        >\n            <source\n            media=\"(min-width: 800px)\"\n            srcset=\"https:\/\/www.cqcd.org\/wp-content\/uploads\/2025\/07\/Blogue-CQCD-437x322_New-York_photo-par-Wallula-Pixabay-800x600.jpg\"\n            type=\"image\/jpeg\"\n        >\n            <source\n            media=\"(min-width: 400px)\"\n            srcset=\"https:\/\/www.cqcd.org\/wp-content\/uploads\/2025\/07\/Blogue-CQCD-437x322_New-York_photo-par-Wallula-Pixabay-400x300.jpg\"\n            type=\"image\/jpeg\"\n        >\n        <img loading=\"lazy\" decoding=\"async\"     \n                        \n                                        \n                                            \n                                        \n                                            \n                                        \n                                            \n                                        \n                                            \n                                        \n                                                                    \n                                        \n                                            \n                                                                            \n                        \n     class=\"u-w-full u-h-auto\" src=\"https:\/\/www.cqcd.org\/wp-content\/uploads\/2025\/07\/Blogue-CQCD-437x322_New-York_photo-par-Wallula-Pixabay.jpg\" alt=\"Ville de New York (\u00c9tats-Unis) \/ New York City (United States)\" width=\"874\" height=\"644\" fetchpriority=\"auto\" style=\"\"\n\/>\n\n    <\/picture>\n    <div class=\"c-image__footer u-flex u-flex-col u-gap-y-1 u-mt-4\"\n        style=\"\n            --image-bg-pattern-offset-amount: 9;\n            --image-bg-pattern-mobile-offset-amount: 4.5;\n        \"\n    >\n        <div class=\"c-typography\"\n            style=\"\n                --typography-color: var(--module-text-color);\n                --typography-font-size: var(--font-size-120);\n            \"\n        >\n                            <legend class=\"u-text-[var(--module-legend-text-color)]\">\n                    Ville de New York (\u00c9tats-Unis) \/ New York City (United States)\n                <\/legend>\n                                <\/div>\n    <\/div>\n        <\/div>\n                    <div class=\"l-grid__block\">\n            <h2 target class=\"c-title    c-title--300\" style=\"--title-emphasis-color: var(--color-root-white);\">\n        United States\n            <\/h2>\n\n                                        \n\n\n\n\n\n\n\n\n\n\n\n\n<div class=\"c-typography  u-mt-6 c-typography--paragraph-size\" style=\"--typography-paragraph-font-size: var(--font-size-180); --typography-max-width: 100%;\">\n    <p>The United States remains an attractive market due to its large consumer base, high purchasing power, and well-established retail infrastructure. Geographic and cultural proximity also make it a logical first step for many Quebec retailers, which is why businesses often see it as the most accessible international expansion route. However, it is also one of the most competitive retail landscapes\u2014not only among U.S. brands but also global players. Despite proximity, entering the<\/p>\n<p>U.S. market is often more difficult and expensive than expected, especially when competing with well-established players and dealing with elevated customer acquisition costs (Smith, 2023). Success in the U.S. depends on omnichannel strategies that integrate brick-and-mortar stores with strong e-commerce capabilities, as well as differentiated brand positioning. Quebec brands entering the U.S. must focus on leveraging digital innovation, personalization, and customer experience to gain a competitive edge in a saturated environment. Some retailers even opt to test less competitive markets before tackling the U.S. to refine their approach.<\/p>\n\n<\/div>\n        <\/div>\n    <\/main>\n                                <\/div>\n    <\/div>\n<\/section>\n\n\n    \n\n\n\n\n\n\n\n\n\n\n\n\n\n<section data-module='m03a' class=\"md:u-pt-fl m-content m-content--image-double   u-bg-[var(--module-background-color)] \" style=\"--module-background-color:var(--color-primary-50); --pt-min-value:0; --pt-max-value:0;\">\n        <div class=\"l-container \" style=\"\" >\n        <div class=\"m-content__content u-pt-fl u-pb-fl u-px-fl u-text-[var(--module-text-color)]   \" style=\"--pt-min-value:7; --pt-max-value:10; --pb-min-value:7; --pb-max-value:10; --px-min-value:0; --px-max-value:0; \n                            \n         \n\n    \n    --module-text-color:var(--root-color); --module-subtitle-color:var(--root-color); --module-image-bg-pattern-color:var(--color-quaternary-500); --module-typography-ul-marker-color:var(--color-primary-500); --module-typography-link-color:var(--color-primary-500); --module-typography-link-hover-color:var(--color-primary-500); --module-legend-text-color:var(--color-primary-500);\n \">\n            \n                                            \n                \n\n\n\n\n\n\n\n\n\n\n\n\n<main class=\"l-grid   l-grid--2@md   u-items-center  u-justify-start u-gap-y-fl u-text-left  md:u-flex-row-reverse\" style=\"--gap-y-min-value:5; --gap-y-max-value:7; --grid-gutter:    \n                \n                \n    clamp(1.5000rem, 1.2727rem + 0.60606060606061vw, 2.0000rem)\n;\">\n                    <div class=\"l-grid__block\">\n            <picture     \n                        \n                                        \n                                            \n                                                                            \n                        \n     class=\"c-image   c-image-has-bg-pattern c-image-has-bg-pattern--right\" style=\"--border-radius: 8; --radius: 0; --image-bg-pattern-offset-amount:9; --image-bg-pattern-mobile-offset-amount:4.5; --image-bg-pattern-color:var(--color-quaternary-500);\"\n>\n    \n    \n    \n            <source\n            media=\"(min-width: 900px)\"\n            srcset=\"https:\/\/www.cqcd.org\/wp-content\/uploads\/2025\/07\/Blogue-CQCD-437x322_Galleria-Vittorio-Emanuele-Milan_photo-par-Andrey-X.jpg\"\n            type=\"image\/jpeg\"\n        >\n            <source\n            media=\"(min-width: 800px)\"\n            srcset=\"https:\/\/www.cqcd.org\/wp-content\/uploads\/2025\/07\/Blogue-CQCD-437x322_Galleria-Vittorio-Emanuele-Milan_photo-par-Andrey-X-800x600.jpg\"\n            type=\"image\/jpeg\"\n        >\n            <source\n            media=\"(min-width: 400px)\"\n            srcset=\"https:\/\/www.cqcd.org\/wp-content\/uploads\/2025\/07\/Blogue-CQCD-437x322_Galleria-Vittorio-Emanuele-Milan_photo-par-Andrey-X-400x300.jpg\"\n            type=\"image\/jpeg\"\n        >\n        <img loading=\"lazy\" decoding=\"async\"     \n                        \n                                        \n                                            \n                                        \n                                            \n                                        \n                                            \n                                        \n                                            \n                                        \n                                                                    \n                                        \n                                            \n                                                                            \n                        \n     class=\"u-w-full u-h-auto\" src=\"https:\/\/www.cqcd.org\/wp-content\/uploads\/2025\/07\/Blogue-CQCD-437x322_Galleria-Vittorio-Emanuele-Milan_photo-par-Andrey-X.jpg\" alt=\"Milan (Italie\/Italy)\" width=\"874\" height=\"644\" fetchpriority=\"auto\" style=\"\"\n\/>\n\n    <\/picture>\n    <div class=\"c-image__footer u-flex u-flex-col u-gap-y-1 u-mt-4\"\n        style=\"\n            --image-bg-pattern-offset-amount: 9;\n            --image-bg-pattern-mobile-offset-amount: 4.5;\n        \"\n    >\n        <div class=\"c-typography\"\n            style=\"\n                --typography-color: var(--module-text-color);\n                --typography-font-size: var(--font-size-120);\n            \"\n        >\n                            <legend class=\"u-text-[var(--module-legend-text-color)]\">\n                    Milan (Italie\/Italy)\n                <\/legend>\n                                <\/div>\n    <\/div>\n        <\/div>\n                    <div class=\"l-grid__block\">\n            <h2 target class=\"c-title    c-title--300\" style=\"--title-emphasis-color: var(--color-root-white);\">\n        Europe\n            <\/h2>\n\n                                        \n\n\n\n\n\n\n\n\n\n\n\n\n<div class=\"c-typography  u-mt-6 c-typography--paragraph-size\" style=\"--typography-paragraph-font-size: var(--font-size-180); --typography-max-width: 100%;\">\n    <p>European consumers prioritize premium experiences, craftsmanship, and sustainability. Quebec brands that emphasize eco-conscious initiatives, innovative product design, and high product quality are more likely to thrive in this market. However, companies must also navigate strict regulatory frameworks such as the EU\u2019s General Product Safety Regulation (GPSR) and environmental standards like REACH (Registration, Evaluation, Authorization and Restriction of Chemicals), which regulates the use of hazardous substances in materials and packaging (European Commission, 2023.) These rules add complexity to product formulation, labeling, and packaging compliance. Furthermore, high operational costs and labor regulations in markets like France and Germany further reinforce the need for precision in expansion planning.<\/p>\n\n<\/div>\n        <\/div>\n    <\/main>\n                                <\/div>\n    <\/div>\n<\/section>\n\n\n    \n\n\n\n\n\n\n\n\n\n\n\n\n\n<section data-module='m03a' class=\"md:u-pt-fl m-content m-content--image-double   u-bg-[var(--module-background-color)] \" style=\"--module-background-color:var(--color-quaternary-100); --pt-min-value:0; --pt-max-value:0;\">\n        <div class=\"l-container \" style=\"\" >\n        <div class=\"m-content__content u-pt-fl u-pb-fl u-px-fl u-text-[var(--module-text-color)]   \" style=\"--pt-min-value:7; --pt-max-value:10; --pb-min-value:7; --pb-max-value:10; --px-min-value:0; --px-max-value:0; \n                            \n                \n         \n\n    \n    --module-text-color:var(--root-color); --module-subtitle-color:var(--root-color); --module-image-bg-pattern-color:var(--color-quaternary-500); --module-typography-ul-marker-color:var(--color-primary-500); --module-typography-link-color:var(--color-primary-500); --module-typography-link-hover-color:var(--color-primary-500); --module-legend-text-color:var(--color-primary-500);\n \">\n            \n                                            \n                \n\n\n\n\n\n\n\n\n\n\n\n\n<main class=\"l-grid   l-grid--2@md   u-items-center  u-justify-start u-gap-y-fl u-text-left  md:u-flex-row-reverse\" style=\"--gap-y-min-value:5; --gap-y-max-value:7; --grid-gutter:    \n                \n                \n    clamp(1.5000rem, 1.2727rem + 0.60606060606061vw, 2.0000rem)\n;\">\n                    <div class=\"l-grid__block\">\n            <picture     \n                        \n                                        \n                                            \n                                                                            \n                        \n     class=\"c-image   c-image-has-bg-pattern c-image-has-bg-pattern--left\" style=\"--border-radius: 8; --radius: 0; --image-bg-pattern-offset-amount:9; --image-bg-pattern-mobile-offset-amount:4.5; --image-bg-pattern-color:var(--color-quaternary-500);\"\n>\n    \n    \n    \n            <source\n            media=\"(min-width: 900px)\"\n            srcset=\"https:\/\/www.cqcd.org\/wp-content\/uploads\/2025\/07\/Blogue-CQCD-437x322_Nanjing-Road-in-Shanghai_China_photo-par-Nikada-Getty-Images-Signature.jpg\"\n            type=\"image\/jpeg\"\n        >\n            <source\n            media=\"(min-width: 800px)\"\n            srcset=\"https:\/\/www.cqcd.org\/wp-content\/uploads\/2025\/07\/Blogue-CQCD-437x322_Nanjing-Road-in-Shanghai_China_photo-par-Nikada-Getty-Images-Signature-800x600.jpg\"\n            type=\"image\/jpeg\"\n        >\n            <source\n            media=\"(min-width: 400px)\"\n            srcset=\"https:\/\/www.cqcd.org\/wp-content\/uploads\/2025\/07\/Blogue-CQCD-437x322_Nanjing-Road-in-Shanghai_China_photo-par-Nikada-Getty-Images-Signature-400x300.jpg\"\n            type=\"image\/jpeg\"\n        >\n        <img loading=\"lazy\" decoding=\"async\"     \n                        \n                                        \n                                            \n                                        \n                                            \n                                        \n                                            \n                                        \n                                            \n                                        \n                                                                    \n                                        \n                                            \n                                                                            \n                        \n     class=\"u-w-full u-h-auto\" src=\"https:\/\/www.cqcd.org\/wp-content\/uploads\/2025\/07\/Blogue-CQCD-437x322_Nanjing-Road-in-Shanghai_China_photo-par-Nikada-Getty-Images-Signature.jpg\" alt=\"Shanghai (Chine\/China)\" width=\"874\" height=\"644\" fetchpriority=\"auto\" style=\"\"\n\/>\n\n    <\/picture>\n    <div class=\"c-image__footer u-flex u-flex-col u-gap-y-1 u-mt-4\"\n        style=\"\n            --image-bg-pattern-offset-amount: 9;\n            --image-bg-pattern-mobile-offset-amount: 4.5;\n        \"\n    >\n        <div class=\"c-typography\"\n            style=\"\n                --typography-color: var(--module-text-color);\n                --typography-font-size: var(--font-size-120);\n            \"\n        >\n                            <legend class=\"u-text-[var(--module-legend-text-color)]\">\n                    Shanghai (Chine\/China)\n                <\/legend>\n                                <\/div>\n    <\/div>\n        <\/div>\n                    <div class=\"l-grid__block\">\n            <h2 target class=\"c-title    c-title--300\" style=\"--title-emphasis-color: var(--color-root-white);\">\n        Asia\n            <\/h2>\n\n                                        \n\n\n\n\n\n\n\n\n\n\n\n\n<div class=\"c-typography  u-mt-6 c-typography--paragraph-size\" style=\"--typography-paragraph-font-size: var(--font-size-180); --typography-max-width: 100%;\">\n    <p>Asia, particularly China, India, and Southeast Asia, represents a high-growth opportunity driven by a booming middle class and increasing demand for international brands. However, this region also presents several complexities: differing consumer behaviours, intense digital-first competition, and region-specific regulations. For instance, China&#8217;s Personal Information Protection Law (PIPL), enacted in 2021, requires companies to obtain explicit user consent for data collection and to store data on local servers (Baker McKenzie, 2021).<\/p>\n<p>In Southeast Asia, fragmented logistics networks and varying language and payment systems add to the challenge. Brands seeking success here must prioritize localized digital marketing, regional platform integration (e.g., Alibaba, JD.com, Flipkart), and culturally attuned brand experiences. In this environment, securing the right local partner is essential\u2014but many global brands have struggled to find alignment in the region, particularly in China, where digital and offline retail operate under vastly different ecosystems.<\/p>\n\n<\/div>\n        <\/div>\n    <\/main>\n                                <\/div>\n    <\/div>\n<\/section>\n\n\n    \n\n\n\n\n\n\n\n\n\n\n\n\n\n<section data-module='m03a' class=\"md:u-pt-fl m-content m-content--image-double   u-bg-[var(--module-background-color)] \" style=\"--module-background-color:var(--color-primary-50); --pt-min-value:0; --pt-max-value:0;\">\n        <div class=\"l-container \" style=\"\" >\n        <div class=\"m-content__content u-pt-fl u-pb-fl u-px-fl u-text-[var(--module-text-color)]   \" style=\"--pt-min-value:7; --pt-max-value:10; --pb-min-value:7; --pb-max-value:10; --px-min-value:0; --px-max-value:0; \n                            \n         \n\n    \n    --module-text-color:var(--root-color); --module-subtitle-color:var(--root-color); --module-image-bg-pattern-color:var(--color-quaternary-500); --module-typography-ul-marker-color:var(--color-primary-500); --module-typography-link-color:var(--color-primary-500); --module-typography-link-hover-color:var(--color-primary-500); --module-legend-text-color:var(--color-primary-500);\n \">\n            \n                                            \n                \n\n\n\n\n\n\n\n\n\n\n\n\n<main class=\"l-grid   l-grid--2@md   u-items-center  u-justify-start u-gap-y-fl u-text-left  md:u-flex-row-reverse\" style=\"--gap-y-min-value:5; --gap-y-max-value:7; --grid-gutter:    \n                \n                \n    clamp(1.5000rem, 1.2727rem + 0.60606060606061vw, 2.0000rem)\n;\">\n                    <div class=\"l-grid__block\">\n            <picture     \n                        \n                                        \n                                            \n                                                                            \n                        \n     class=\"c-image   c-image-has-bg-pattern c-image-has-bg-pattern--right\" style=\"--border-radius: 8; --radius: 0; --image-bg-pattern-offset-amount:9; --image-bg-pattern-mobile-offset-amount:4.5; --image-bg-pattern-color:var(--color-quaternary-500);\"\n>\n    \n    \n    \n            <source\n            media=\"(min-width: 900px)\"\n            srcset=\"https:\/\/www.cqcd.org\/wp-content\/uploads\/2025\/07\/Blogue-CQCD-437x322_Sao-Luis_Bresil_photo-par-Peeterv-Getty-Images-Signature.jpg\"\n            type=\"image\/jpeg\"\n        >\n            <source\n            media=\"(min-width: 800px)\"\n            srcset=\"https:\/\/www.cqcd.org\/wp-content\/uploads\/2025\/07\/Blogue-CQCD-437x322_Sao-Luis_Bresil_photo-par-Peeterv-Getty-Images-Signature-800x600.jpg\"\n            type=\"image\/jpeg\"\n        >\n            <source\n            media=\"(min-width: 400px)\"\n            srcset=\"https:\/\/www.cqcd.org\/wp-content\/uploads\/2025\/07\/Blogue-CQCD-437x322_Sao-Luis_Bresil_photo-par-Peeterv-Getty-Images-Signature-400x300.jpg\"\n            type=\"image\/jpeg\"\n        >\n        <img loading=\"lazy\" decoding=\"async\"     \n                        \n                                        \n                                            \n                                        \n                                            \n                                        \n                                            \n                                        \n                                            \n                                        \n                                                                    \n                                        \n                                            \n                                                                            \n                        \n     class=\"u-w-full u-h-auto\" src=\"https:\/\/www.cqcd.org\/wp-content\/uploads\/2025\/07\/Blogue-CQCD-437x322_Sao-Luis_Bresil_photo-par-Peeterv-Getty-Images-Signature.jpg\" alt=\"Sao Luis (Br\u00e9sil\/Brazil)\" width=\"874\" height=\"644\" fetchpriority=\"auto\" style=\"\"\n\/>\n\n    <\/picture>\n    <div class=\"c-image__footer u-flex u-flex-col u-gap-y-1 u-mt-4\"\n        style=\"\n            --image-bg-pattern-offset-amount: 9;\n            --image-bg-pattern-mobile-offset-amount: 4.5;\n        \"\n    >\n        <div class=\"c-typography\"\n            style=\"\n                --typography-color: var(--module-text-color);\n                --typography-font-size: var(--font-size-120);\n            \"\n        >\n                            <legend class=\"u-text-[var(--module-legend-text-color)]\">\n                    Sao Luis (Br\u00e9sil\/Brazil)\n                <\/legend>\n                                <\/div>\n    <\/div>\n        <\/div>\n                    <div class=\"l-grid__block\">\n            <h2 target class=\"c-title    c-title--300\" style=\"--title-emphasis-color: var(--color-root-white);\">\n        South America\n            <\/h2>\n\n                                        \n\n\n\n\n\n\n\n\n\n\n\n\n<div class=\"c-typography  u-mt-6 c-typography--paragraph-size\" style=\"--typography-paragraph-font-size: var(--font-size-180); --typography-max-width: 100%;\">\n    <p>South America is an emerging market with growing appeal, especially in the affordable fashion and lifestyle segments. Countries like Brazil and Mexico offer a large middle-class population eager for global brands, but macroeconomic instability, import tariffs, and inflationary pressure pose significant entry barriers. For example, Brazil\u2019s complex tax system\u2014including ICMS (value-added tax at the state level) and IPI (federal excise tax)\u2014can complicate import pricing and inventory forecasting (PwC Brazil, 2022). Success in South America requires flexible business models, affordability-focused pricing strategies, and alliances with established regional players who understand the regulatory terrain.<\/p>\n\n<\/div>\n        <\/div>\n    <\/main>\n                                <\/div>\n    <\/div>\n<\/section>\n\n\n    \n\n\n\n\n\n\n\n\n\n\n\n\n\n<section data-module='m03a' class=\"md:u-pt-fl m-content m-content--image-double    \" style=\"--container-width: 1200px; --module-background-color:var(--color-root-white); --pt-min-value:0; --pt-max-value:0;\">\n        <div class=\"l-container \" style=\"\" >\n        <div class=\"m-content__content u-pt-fl u-pb-fl u-px-fl u-text-[var(--module-text-color)] u-bg-[var(--module-background-color)]  \" style=\"--pt-min-value:7; --pt-max-value:10; --pb-min-value:7; --pb-max-value:10; --px-min-value:0; --px-max-value:0; \n                            \n         \n\n    \n    --module-text-color:var(--root-color); --module-subtitle-color:var(--root-color); --module-image-bg-pattern-color:var(--color-quaternary-500); --module-typography-ul-marker-color:var(--color-primary-500); --module-typography-link-color:var(--color-primary-500); --module-typography-link-hover-color:var(--color-primary-500); --module-legend-text-color:var(--color-primary-500);\n \">\n            \n                                            \n                \n\n\n\n\n\n\n\n\n\n\n\n\n<main class=\"l-grid      u-items-start  u-justify-start u-gap-y-fl u-text-left\" style=\"--gap-y-min-value:5; --gap-y-max-value:7; --grid-gutter:    \n                \n                \n    clamp(1.5000rem, 1.5000rem + 0vw, 1.5000rem)\n;\">\n                    <div class=\"l-grid__block\">\n            <div class=\"c-typography  c-typography--paragraph-size\" style=\"--typography-paragraph-font-size: var(--font-size-180); --typography-max-width: 100%;\">\n    <p>For Quebec retailers and SMEs, global expansion is not a one-size-fits-all endeavor. North America and Europe reward strong brand narratives, premium positioning, and sustainability, while Asia and South America demand agility, digital adaptability, and robust local partnerships. By understanding these key differences, businesses can develop tailored, market-specific expansion strategies that increase their chances of long-term success.<\/p>\n\n<\/div>\n        <\/div>\n    <\/main>\n                                <\/div>\n    <\/div>\n<\/section>\n\n\n    \n\n\n\n\n\n\n\n\n\n\n\n\n\n<section data-module='m03a' class=\"md:u-pt-fl m-content m-content--image-double    \" style=\"--container-width: 1200px; --module-background-color:var(--color-root-white); --pt-min-value:0; --pt-max-value:0;\">\n        <div class=\"l-container \" style=\"\" >\n        <div class=\"m-content__content u-pt-fl u-pb-fl u-px-fl u-text-[var(--module-text-color)] u-bg-[var(--module-background-color)]  \" style=\"--pt-min-value:7; --pt-max-value:10; --pb-min-value:7; --pb-max-value:10; --px-min-value:0; --px-max-value:0; \n                            \n         \n\n    \n    --module-text-color:var(--root-color); --module-subtitle-color:var(--root-color); --module-image-bg-pattern-color:var(--color-quaternary-500); --module-typography-ul-marker-color:var(--color-primary-500); --module-typography-link-color:var(--color-primary-500); --module-typography-link-hover-color:var(--color-primary-500); --module-legend-text-color:var(--color-primary-500);\n \">\n            \n                                            \n                \n\n\n\n\n\n\n\n\n\n\n\n\n<main class=\"l-grid      u-items-start  u-justify-start u-gap-y-fl u-text-left\" style=\"--gap-y-min-value:5; --gap-y-max-value:7; --grid-gutter:    \n                \n                \n    clamp(1.5000rem, 1.5000rem + 0vw, 1.5000rem)\n;\">\n                    <div class=\"l-grid__block\">\n            <h2 target class=\"c-title    c-title--300         u-mb-10\" style=\"--title-emphasis-color: var(--color-root-white);\">\n        The Importance of Choosing the Right Partner in Global Expansion\n            <\/h2>\n\n                                        \n\n\n\n\n\n\n\n\n\n\n\n\n<div class=\"c-typography  c-typography--paragraph-size\" style=\"--typography-paragraph-font-size: var(--font-size-180); --typography-max-width: 100%;\">\n    <p>One of the most critical factors in a brand\u2019s successful international expansion is selecting the right local partner. A strong partner brings market knowledge, established distribution networks, and operational expertise, ensuring that a brand enters a foreign market seamlessly. For Quebec brands, this alignment is especially important when navigating new markets with distinct cultural, regulatory, and retail ecosystems.<\/p>\n<p>&nbsp;<\/p>\n<h4>Aldo&#8217;s International Journey<\/h4>\n<p>While the brand has seen great success in regions like the Middle East, some of its partner brands have struggled to find the right local partner in other parts of the world\u2014including the all-important Chinese market. Over the years, Aldo has worked with several distributors in China and faced challenges related to supply chain efficiency, product positioning, and consumer engagement. These hurdles were compounded by the complexity of China\u2019s fast-evolving, digitally dominant retail sector and the need for highly localized strategies (China Daily, 2024).<\/p>\n<p>However, the brand is now refining its approach in China with a focus on e-commerce-driven growth and new partnerships with digital-first players, aiming to reposition itself more effectively in the market (China Daily, 2024). This signals a promising shift in strategy and an understanding of how alignment with the right local partner can significantly impact brand success.<\/p>\n\n<\/div>\n        <\/div>\n    <\/main>\n                                <\/div>\n    <\/div>\n<\/section>\n\n\n    \n\n\n\n\n\n\n\n\n\n\n\n\n\n<section data-module='m03a' class=\"md:u-pt-fl m-content m-content--image-double   u-bg-[var(--module-background-color)] \" style=\"--module-background-color:var(--color-root-white); --pt-min-value:0; --pt-max-value:0;\">\n        <div class=\"l-container \" style=\"\" >\n        <div class=\"m-content__content u-pt-fl u-pb-fl u-px-fl u-text-[var(--module-text-color)]   \" style=\"--pt-min-value:7; --pt-max-value:10; --pb-min-value:7; --pb-max-value:10; --px-min-value:0; --px-max-value:0; \n                            \n         \n\n    \n    --module-text-color:var(--root-color); --module-subtitle-color:var(--root-color); --module-image-bg-pattern-color:var(--color-quaternary-500); --module-typography-ul-marker-color:var(--color-primary-500); --module-typography-link-color:var(--color-primary-500); --module-typography-link-hover-color:var(--color-primary-500); --module-legend-text-color:var(--color-primary-500);\n \">\n            \n                                            \n                \n\n\n\n\n\n\n\n\n\n\n\n\n<main class=\"l-grid   l-grid--2@md   u-items-center  u-justify-start u-gap-y-fl u-text-left\" style=\"--gap-y-min-value:5; --gap-y-max-value:7; --grid-gutter:    \n                \n                \n    clamp(1.5000rem, 1.2727rem + 0.60606060606061vw, 2.0000rem)\n;\">\n                    <div class=\"l-grid__block\">\n            <picture     \n                        \n                                        \n                                            \n                                                                            \n                        \n     class=\"c-image   c-image-has-bg-pattern c-image-has-bg-pattern--left\" style=\"--border-radius: 8; --radius: 0; --image-bg-pattern-offset-amount:9; --image-bg-pattern-mobile-offset-amount:4.5; --image-bg-pattern-color:var(--color-quaternary-500);\"\n>\n    \n    \n    \n            <source\n            media=\"(min-width: 900px)\"\n            srcset=\"https:\/\/www.cqcd.org\/wp-content\/uploads\/2025\/07\/Blogue-CQCD-437x322_Aldo_Moyen-Orient_magasin.jpg\"\n            type=\"image\/jpeg\"\n        >\n            <source\n            media=\"(min-width: 800px)\"\n            srcset=\"https:\/\/www.cqcd.org\/wp-content\/uploads\/2025\/07\/Blogue-CQCD-437x322_Aldo_Moyen-Orient_magasin-800x600.jpg\"\n            type=\"image\/jpeg\"\n        >\n            <source\n            media=\"(min-width: 400px)\"\n            srcset=\"https:\/\/www.cqcd.org\/wp-content\/uploads\/2025\/07\/Blogue-CQCD-437x322_Aldo_Moyen-Orient_magasin-400x300.jpg\"\n            type=\"image\/jpeg\"\n        >\n        <img loading=\"lazy\" decoding=\"async\"     \n                        \n                                        \n                                            \n                                        \n                                            \n                                        \n                                            \n                                        \n                                            \n                                        \n                                                                    \n                                        \n                                            \n                                                                            \n                        \n     class=\"u-w-full u-h-auto\" src=\"https:\/\/www.cqcd.org\/wp-content\/uploads\/2025\/07\/Blogue-CQCD-437x322_Aldo_Moyen-Orient_magasin.jpg\" alt=\"Magasin Aldo au Moyen-Orient (Aldo store in the Middle East) | Source : Selina Ved\" width=\"874\" height=\"644\" fetchpriority=\"auto\" style=\"\"\n\/>\n\n    <\/picture>\n    <div class=\"c-image__footer u-flex u-flex-col u-gap-y-1 u-mt-4\"\n        style=\"\n            --image-bg-pattern-offset-amount: 9;\n            --image-bg-pattern-mobile-offset-amount: 4.5;\n        \"\n    >\n        <div class=\"c-typography\"\n            style=\"\n                --typography-color: var(--module-text-color);\n                --typography-font-size: var(--font-size-120);\n            \"\n        >\n                            <legend class=\"u-text-[var(--module-legend-text-color)]\">\n                    Magasin Aldo au Moyen-Orient (Aldo store in the Middle East) | Source : Selina Ved\n                <\/legend>\n                                <\/div>\n    <\/div>\n        <\/div>\n                    <div class=\"l-grid__block\">\n            <div class=\"c-typography  u-mt-6 c-typography--paragraph-size\" style=\"--typography-paragraph-font-size: var(--font-size-180); --typography-max-width: 100%;\">\n    <p>In contrast, Aldo\u2019s expansion in the Middle East underscores the transformative power of a well- matched partner. Collaborating with Apparel Group, Aldo benefited from a deep understanding of local fashion preferences, strong omnichannel operations, and prime placements in luxury malls that serve as both cultural and commercial hubs. Positioned as an affordable luxury brand, Aldo\u2019s collections were adapted to regional trends, allowing them to expand swiftly while maintaining brand integrity and operational consistency. This strategic alignment enabled Aldo to become a recognizable and respected brand across the GCC and India.<\/p>\n\n<\/div>\n        <\/div>\n    <\/main>\n                                <\/div>\n    <\/div>\n<\/section>\n\n\n    \n\n\n\n\n\n\n\n\n\n\n\n\n\n<section data-module='m03a' class=\"md:u-pt-fl m-content m-content--image-double    \" style=\"--container-width: 1200px; --module-background-color:var(--color-root-white); --pt-min-value:0; --pt-max-value:0;\">\n        <div class=\"l-container \" style=\"\" >\n        <div class=\"m-content__content u-pt-fl u-pb-fl u-px-fl u-text-[var(--module-text-color)] u-bg-[var(--module-background-color)]  \" style=\"--pt-min-value:7; --pt-max-value:10; --pb-min-value:7; --pb-max-value:10; --px-min-value:0; --px-max-value:0; \n                            \n         \n\n    \n    --module-text-color:var(--root-color); --module-subtitle-color:var(--root-color); --module-image-bg-pattern-color:var(--color-quaternary-500); --module-typography-ul-marker-color:var(--color-primary-500); --module-typography-link-color:var(--color-primary-500); --module-typography-link-hover-color:var(--color-primary-500); --module-legend-text-color:var(--color-primary-500);\n \">\n            \n                                            \n                \n\n\n\n\n\n\n\n\n\n\n\n\n<main class=\"l-grid      u-items-start  u-justify-start u-gap-y-fl u-text-left\" style=\"--gap-y-min-value:5; --gap-y-max-value:7; --grid-gutter:    \n                \n                \n    clamp(1.5000rem, 1.5000rem + 0vw, 1.5000rem)\n;\">\n                    <div class=\"l-grid__block\">\n            <div class=\"c-typography  c-typography--paragraph-size\" style=\"--typography-paragraph-font-size: var(--font-size-180); --typography-max-width: 100%;\">\n    <h4>Tim Hortons in the Middle East<\/h4>\n<p>Tim Hortons provides another compelling example. Although not a Quebec-based brand, its successful expansion into the Middle East\u2014beginning in 2011\u2014demonstrates the importance of localization and strategic franchising. Understanding the region\u2019s long-standing coffee culture, Tim Hortons adapted its menu to feature popular items like Karak tea, Arabic coffee, and date- based sweets (Gulf Business, 2012). Through franchise agreements with experienced regional partners, the brand ensured operational excellence while allowing flexibility for cultural nuances. This approach enabled Tim Hortons to grow rapidly across the GCC and build a loyal consumer base.<\/p>\n\n<\/div>\n        <\/div>\n    <\/main>\n                                <\/div>\n    <\/div>\n<\/section>\n\n\n    \n\n\n\n\n\n\n\n\n\n\n\n\n\n<section data-module='m03a' class=\"md:u-pt-fl m-content m-content--image-double    \" style=\"--container-width: 1200px; --module-background-color:var(--color-root-white); --pt-min-value:0; --pt-max-value:0;\">\n        <div class=\"l-container \" style=\"\" >\n        <div class=\"m-content__content u-pt-fl u-pb-fl u-px-fl u-text-[var(--module-text-color)] u-bg-[var(--module-background-color)]  \" style=\"--pt-min-value:7; --pt-max-value:10; --pb-min-value:7; --pb-max-value:10; --px-min-value:0; --px-max-value:0; \n                            \n         \n\n    \n    --module-text-color:var(--root-color); --module-subtitle-color:var(--root-color); --module-image-bg-pattern-color:var(--color-quaternary-500); --module-typography-ul-marker-color:var(--color-primary-500); --module-typography-link-color:var(--color-primary-500); --module-typography-link-hover-color:var(--color-primary-500); --module-legend-text-color:var(--color-primary-500);\n \">\n            \n                                            \n                \n\n\n\n\n\n\n\n\n\n\n\n\n<main class=\"l-grid      u-items-start  u-justify-start u-gap-y-fl u-text-left\" style=\"--gap-y-min-value:5; --gap-y-max-value:7; --grid-gutter:    \n                \n                \n    clamp(1.5000rem, 1.5000rem + 0vw, 1.5000rem)\n;\">\n                    <div class=\"l-grid__block\">\n            <h2 target class=\"c-title    c-title--300         u-mb-10\" style=\"--title-emphasis-color: var(--color-root-white);\">\n        Key Takeaways\n            <\/h2>\n\n                                        \n\n\n\n\n\n\n\n\n\n\n\n\n<div class=\"c-typography  c-typography--paragraph-size\" style=\"--typography-paragraph-font-size: var(--font-size-180); --typography-max-width: 100%;\">\n    <p>The success of Quebec brands like Aldo and Tim Hortons in international markets highlights the importance of strategic planning, cultural adaptation, and choosing the right local partners. While global expansion offers immense opportunities, it also presents challenges that require market- specific strategies, strong brand positioning, and operational readiness. For Quebec brands and SMEs looking to expand, success depends on understanding regional differences, leveraging digital transformation, and ensuring adaptability while maintaining brand integrity. Ultimately, brands that combine global ambition with localized execution will be best positioned for long- term sustainability and international growth.<\/p>\n<p>For SMEs and emerging Quebec brands, choosing the right partner is even more vital. Without the global infrastructure of larger brands, these businesses often rely on local expertise to bridge gaps in logistics, compliance, and customer engagement. A strong partner can provide the insights, credibility, and operational capacity needed to ensure a brand\u2019s successful entry and long-term performance in a new market.<\/p>\n<p>Ultimately, brand strength alone is not enough. Execution, cultural relevance, and strategic alignment with a trusted partner are critical. Whether through Aldo\u2019s momentum in the Middle East or Tim Hortons\u2019 culturally attuned expansion in the GCC, the evidence is clear: Quebec brands seeking sustainable international growth must prioritize the careful selection of the right local partners.<\/p>\n\n<\/div>\n        <\/div>\n    <\/main>\n                                <\/div>\n    <\/div>\n<\/section>\n\n\n    \n\n\n\n\n\n\n\n\n\n\n\n\n\n<section data-module='m03a' class=\"md:u-pt-fl m-content m-content--image-double    \" style=\"--container-width: 1200px; --module-background-color:var(--color-root-white); --pt-min-value:0; --pt-max-value:0;\">\n        <div class=\"l-container \" style=\"\" >\n        <div class=\"m-content__content u-pt-fl u-pb-fl u-px-fl u-text-[var(--module-text-color)] u-bg-[var(--module-background-color)]  \" style=\"--pt-min-value:7; --pt-max-value:10; --pb-min-value:7; --pb-max-value:10; --px-min-value:0; --px-max-value:0; \n                            \n         \n\n    \n    --module-text-color:var(--root-color); --module-subtitle-color:var(--root-color); --module-image-bg-pattern-color:var(--color-quaternary-500); --module-typography-ul-marker-color:var(--color-primary-500); --module-typography-link-color:var(--color-primary-500); --module-typography-link-hover-color:var(--color-primary-500); --module-legend-text-color:var(--color-primary-500);\n \">\n            \n                                            \n                \n\n\n\n\n\n\n\n\n\n\n\n\n<main class=\"l-grid      u-items-start  u-justify-start u-gap-y-fl u-text-left\" style=\"--gap-y-min-value:5; --gap-y-max-value:7; --grid-gutter:    \n                \n                \n    clamp(1.5000rem, 1.5000rem + 0vw, 1.5000rem)\n;\">\n                    <div class=\"l-grid__block\">\n            <h2 target class=\"c-title    c-title--300         u-mb-10\" style=\"--title-emphasis-color: var(--color-root-white);\">\n        Sources :\n            <\/h2>\n\n                                        \n\n\n\n\n\n\n\n\n\n\n\n\n<div class=\"c-typography  c-typography--paragraph-size\" style=\"--typography-paragraph-font-size: var(--font-size-180); --typography-max-width: 100%;\">\n    <ul>\n<li>Baker McKenzie. (2021). <a href=\"https:\/\/www.bakermckenzie.com\/en\/insight\/publications\/2021\/09\/chinas-pipl\" target=\"_blank\" rel=\"noopener\"><em>China\u2019s Personal Information Protection Law<\/em><\/a>.<\/li>\n<li>China Daily. (2024). <em><a href=\"https:\/\/global.chinadaily.com.cn\/a\/202406\/29\/WS667f64b6a31095c51c50b72f.html\" target=\"_blank\" rel=\"noopener\">Canadian Footwear Brand Aldo Eyes Digital Growth in China<\/a><\/em>.<\/li>\n<li>Commission europ\u00e9enne. (2023). <em><a href=\"https:\/\/single-market-economy.ec.europa.eu\/sectors\/chemicals\/reach_en\" target=\"_blank\" rel=\"noopener\">REACH<\/a><\/em>.<\/li>\n<li>Gulf Business. (2012).<em> Tim Hortons to Expand in the Middle East<\/em>.<\/li>\n<li>PwC Brazil. (2022). <em><a href=\"https:\/\/www.pwc.com.br\/pt\/publicacoes\/tributarias\/doing-business-in-brazil.html\" target=\"_blank\" rel=\"noopener\">Doing Business in Brazil<\/a><\/em>.<\/li>\n<li>Smith, James. (2023). <em>The True Cost of Entering the US Retail Market<\/em>. Global Retail Journal.<\/li>\n<\/ul>\n\n<\/div>\n        <\/div>\n    <\/main>\n                                <\/div>\n    <\/div>\n<\/section>\n\n\n    \n\n\n\n<section class=\"m-slider u-overflow-hidden u-pt-fl u-pb-fl u-bg-[var(--module-background-color)] u-text-[var(--module-text-color)]\"\n    data-module=\"m08a\"\n    style=\"\n        --pt-min-value: 7;\n        --pt-max-value: 10;\n        --pb-min-value: 7;\n        --pb-max-value: 10;\n\n        --module-background-color: var(--color-secondary-100);\n        --module-text-color: var(--root-color);\n    \"\n>\n    <div class=\"l-container\">\n                    \n            \n\n\n\n\n\n\n\n<header class=\"m-module-header u-pt-fl u-pb-fl u-flex u-flex-col sm:u-flex-row sm:u-items-center sm:u-justify-between u-gap-[var(--module-header-gap)] u-bg-[var(--module-background-color)] u-text-[var(--module-text-color)]\" style=\"--module-header-gap: calc(var(--root-baseline) * 3); --module-background-color: transparent; --module-text-color: currentColor; --pt-min-value: 0; --pt-max-value: 0; --pb-min-value: 5; --pb-max-value: 9;\">\n    <div class=\"m-module-header__header\">\n                    \n\n\n\n\n\n\n    \n\n\n\n\n\n\n    <h2 target class=\"c-title    c-title--300         m-module-header__title\" style=\"--title-emphasis-color: var(--color-root-white);\">\n        Next Gen Retail Perspective\n            <\/h2>\n\n                            \n\n\n\n\n\n\n\n\n\n\n\n\n<div class=\"c-typography\" style=\"--typography-font-size: 1.5rem; --typography-max-width: 100%;\">\n    \n<\/div>\n            <\/div>\n        <\/header>\n                \n\n\n\n\n\n\n\n\n\n\n\n<div class=\"c-slider c-slider--overflow  u-pt u-pb\" data-slider='{\"name\":\"c08-slider-2019660559\",\"spaceBetween\":24,\"pauseOnMouseEnter\":true,\"lazy\":true,\"navigation\":true,\"pagination\":true,\"scrollbar\":false,\"initBelow\":\"none\",\"keyboard\":{\"enabled\":true},\"slidesPerView\":\"auto\"}' aria-roledescription=\"carousel\" aria-label style=\"--slider-wrapper-mb: 7; --pt: 0; --pb: 0;\">\n    <div class=\"c-slider__wrapper\"\n        aria-atomic=\"false\"\n        aria-live=\"polite\"\n    >\n                    <div\n                class=\"c-slider__slide\"\n                role=\"group\"\n                aria-roledescription=\"slide\"\n                style=\"\n                    --slide-size: min(26.75rem, 70vw);\n                \"\n            >\n                \n\n\n\n\n\n\n\n\n\n\n\n\n\n\n\n<article class=\"c-card  c-card--fade  c-card--boxed u-pt-fl u-pb-fl u-px-fl u-border-radius  c-card--boxed-primary-500\" data-anchor style=\"--card-footer-gap: calc(var(--root-baseline) * 3); --card-content-gap: calc(var(--root-baseline) * 2); --card-background-color: var(--color-root-white); --card-text-color: var(--root-color); --card-image-width: 100%; --border-radius: 4; --pt-min-value: 3; --pt-max-value: 3; --pb-min-value: 3; --pb-max-value: 3; --px-min-value: 3; --px-max-value: 3;\" aria-labelledby=\"card-heading-1311610007\">\n    <div class=\"c-card__wrapper u-gap-y-fl\" style=\"--gap-x-min-value:3; --gap-x-max-value:3; --gap-y-min-value:3; --gap-y-max-value:3;\">\n                    <div class=\"c-card__media\">\n                                \n\n\n\n\n\n\n\n\n\n\n\n\n\n\n\n\n\n\n\n<picture     \n                        \n                                        \n                                            \n                                        \n                        \n     class=\"c-image\" \n>\n    \n    \n    \n            <source\n            media=\"(min-width: )\"\n            srcset=\"https:\/\/www.cqcd.org\/wp-content\/uploads\/2025\/06\/Le-point-de-vue-de-la-releve-Next-Gen-Retail-Perspective-William-Bernasconi-CQCD-1-380x300.png\"\n            type=\"image\/png\"\n        >\n        <img loading=\"lazy\" decoding=\"async\"     \n                        \n                                        \n                                            \n                                        \n                                            \n                                        \n                                            \n                                        \n                                            \n                                        \n                                                                    \n                                        \n                                            \n                                                                            \n                        \n     class=\"u-object-cover u-aspect-[var(--image-ratio)]\" src=\"https:\/\/www.cqcd.org\/wp-content\/uploads\/2025\/06\/Le-point-de-vue-de-la-releve-Next-Gen-Retail-Perspective-William-Bernasconi-CQCD-1-380x300.png\" alt width=\"380\" height=\"300\" fetchpriority=\"auto\" style=\"--image-ratio:380\/300;\"\n\/>\n\n    <\/picture>\n            <\/div>\n                <div class=\"c-card__body u-px-fl  u-items-start u-text-left\">\n                        \n                            <div class=\"u-flex u-flex-wrap u-items-center u-gap-x-4 u-gap-y-2\">\n                                                                        \n\n\n\n\n\n\n\n\n\n    \n    \n<div class=\"c-tag  c-tag--primary-500     c-tag--fade\">\n    <span>\n                Ecoconception\n                    <\/span>\n<\/div>\n                                                    \n\n\n\n\n\n\n\n\n\n    \n    \n<div class=\"c-tag  c-tag--primary-500     c-tag--fade\">\n    <span>\n                Artifical intelligence\n                    <\/span>\n<\/div>\n                                                    \n\n\n\n\n\n\n\n\n\n    \n    \n<div class=\"c-tag  c-tag--primary-500     c-tag--fade\">\n    <span>\n                Digital marketing\n                    <\/span>\n<\/div>\n                                                    \n\n\n\n\n\n\n\n\n\n    \n    \n<div class=\"c-tag  c-tag--primary-500     c-tag--fade\">\n    <span>\n                Retail\n                    <\/span>\n<\/div>\n                                                                                        <div class=\"c-card__date\">\n                            23 June 2025\n                        <\/div>\n                                    <\/div>\n                        \n\n            <div class=\"c-card__title \">\n                                    \n\n\n\n\n\n\n    \n\n\n\n\n\n\n    <h3 target class=\"c-title        c-title--700\" style=\"--title-emphasis-color: var(--color-root-white);\" id=\"card-heading-1311610007\">\n        Retail Success in Quebec: The Power of SMEs\n            <\/h3>\n\n                \n                \n                            <\/div>\n\n                            \n\n\n\n\n\n\n\n\n\n\n\n\n<div class=\"c-typography\" style=\"--typography-max-width: 100%;\">\n    Next Gen Retail Perspective: explore the ideas and perspectives of young professionals who shape the retail world of tomorrow. Discover William Bernasconi&#8217;s perspective!\n<\/div>\n            \n            \n                                <\/div>\n    <\/div>\n            <div class=\"c-card__footer  \">\n            \n\n\n\n\n\n\n\n\n\n\n\n            \n<div class=\"c-actions u-justify-start\" style=\"--actions-gap: calc(var(--root-baseline) * 3); --actions-mobile-gap: calc(var(--root-baseline) * 3); --actions-nb: 1;\">\n        <div class=\"c-actions__wrapper  u-flex-row u-items-center u-justify-start\">\n                                    \n\n\n\n\n    \n\n\n\n<a href=\"https:\/\/www.cqcd.org\/en\/blog\/retail-success-in-quebec-the-power-of-smes\/\" class=\"c-link  c-link--primary-500   c-link--underline c-link--underline-grow-top\">\n                    <span>Read more<\/span>\n                    \n\n\n\n\n\n\n\n    <svg class=\"icons icons--angle-right  c-link__icon\"  aria-hidden=\"true\">\n                <use href=\"\/wp-content\/themes\/globalia-theme\/dist\/icons\/icon-system.svg#angle-right\"><\/use>\n    <\/svg>\n    <\/a>\n                        <\/div>\n<\/div>\n        <\/div>\n    <\/article>\n\n            <\/div>\n                    <div\n                class=\"c-slider__slide\"\n                role=\"group\"\n                aria-roledescription=\"slide\"\n                style=\"\n                    --slide-size: min(26.75rem, 70vw);\n                \"\n            >\n                \n\n\n\n\n\n\n\n\n\n\n\n\n\n\n\n<article class=\"c-card  c-card--fade  c-card--boxed u-pt-fl u-pb-fl u-px-fl u-border-radius  c-card--boxed-primary-500\" data-anchor style=\"--card-footer-gap: calc(var(--root-baseline) * 3); --card-content-gap: calc(var(--root-baseline) * 2); --card-background-color: var(--color-root-white); --card-text-color: var(--root-color); --card-image-width: 100%; --border-radius: 4; --pt-min-value: 3; --pt-max-value: 3; --pb-min-value: 3; --pb-max-value: 3; --px-min-value: 3; --px-max-value: 3;\" aria-labelledby=\"card-heading-642051814\">\n    <div class=\"c-card__wrapper u-gap-y-fl\" style=\"--gap-x-min-value:3; --gap-x-max-value:3; --gap-y-min-value:3; --gap-y-max-value:3;\">\n                    <div class=\"c-card__media\">\n                                \n\n\n\n\n\n\n\n\n\n\n\n\n\n\n\n\n\n\n\n<picture     \n                        \n                                        \n                                            \n                                        \n                        \n     class=\"c-image\" \n>\n    \n    \n    \n            <source\n            media=\"(min-width: )\"\n            srcset=\"https:\/\/www.cqcd.org\/wp-content\/uploads\/2025\/09\/Point-de-vue-de-la-releve-Alina-Rawji-ENG-CQCD-380x300.png\"\n            type=\"image\/png\"\n        >\n        <img loading=\"lazy\" decoding=\"async\"     \n                        \n                                        \n                                            \n                                        \n                                            \n                                        \n                                            \n                                        \n                                            \n                                        \n                                                                    \n                                        \n                                            \n                                                                            \n                        \n     class=\"u-object-cover u-aspect-[var(--image-ratio)]\" src=\"https:\/\/www.cqcd.org\/wp-content\/uploads\/2025\/09\/Point-de-vue-de-la-releve-Alina-Rawji-ENG-CQCD-380x300.png\" alt width=\"380\" height=\"300\" fetchpriority=\"auto\" style=\"--image-ratio:380\/300;\"\n\/>\n\n    <\/picture>\n            <\/div>\n                <div class=\"c-card__body u-px-fl  u-items-start u-text-left\">\n                        \n                            <div class=\"u-flex u-flex-wrap u-items-center u-gap-x-4 u-gap-y-2\">\n                                                                        \n\n\n\n\n\n\n\n\n\n    \n    \n<div class=\"c-tag  c-tag--primary-500     c-tag--fade\">\n    <span>\n                Sustainable development and ecological transition\n                    <\/span>\n<\/div>\n                                                    \n\n\n\n\n\n\n\n\n\n    \n    \n<div class=\"c-tag  c-tag--primary-500     c-tag--fade\">\n    <span>\n                Circular economy\n                    <\/span>\n<\/div>\n                                                    \n\n\n\n\n\n\n\n\n\n    \n    \n<div class=\"c-tag  c-tag--primary-500     c-tag--fade\">\n    <span>\n                Retail\n                    <\/span>\n<\/div>\n                                                                                        <div class=\"c-card__date\">\n                            11 October 2025\n                        <\/div>\n                                    <\/div>\n                        \n\n            <div class=\"c-card__title \">\n                                    \n\n\n\n\n\n\n    \n\n\n\n\n\n\n    <h3 target class=\"c-title        c-title--700\" style=\"--title-emphasis-color: var(--color-root-white);\" id=\"card-heading-642051814\">\n        The Urgent New Meaning of Sustainability in Retail\n            <\/h3>\n\n                \n                \n                            <\/div>\n\n                            \n\n\n\n\n\n\n\n\n\n\n\n\n<div class=\"c-typography\" style=\"--typography-max-width: 100%;\">\n    Next Gen Retail Perspective: explore the ideas and perspectives of young professionals who shape the retail world of tomorrow. Discover Alina Rawji&#8217;s perspective!\n<\/div>\n            \n            \n                                <\/div>\n    <\/div>\n            <div class=\"c-card__footer  \">\n            \n\n\n\n\n\n\n\n\n\n\n\n            \n<div class=\"c-actions u-justify-start\" style=\"--actions-gap: calc(var(--root-baseline) * 3); --actions-mobile-gap: calc(var(--root-baseline) * 3); --actions-nb: 1;\">\n        <div class=\"c-actions__wrapper  u-flex-row u-items-center u-justify-start\">\n                                    \n\n\n\n\n    \n\n\n\n<a href=\"https:\/\/www.cqcd.org\/en\/blog\/the-urgent-new-meaning-of-sustainability-in-retail\/\" class=\"c-link  c-link--primary-500   c-link--underline c-link--underline-grow-top\">\n                    <span>Read more<\/span>\n                    \n\n\n\n\n\n\n\n    <svg class=\"icons icons--angle-right  c-link__icon\"  aria-hidden=\"true\">\n                <use href=\"\/wp-content\/themes\/globalia-theme\/dist\/icons\/icon-system.svg#angle-right\"><\/use>\n    <\/svg>\n    <\/a>\n                        <\/div>\n<\/div>\n        <\/div>\n    <\/article>\n\n            <\/div>\n            <\/div>\n    <div class=\"c-slider__actions u-flex u-justify-between u-items-center\">\n                            <div class=\"c-slider__pagination\"><\/div>\n                            <div class=\"c-slider__nav-wrapper u-flex u-gap-4\">\n                <button\n                    data-slider-prev=\"c08-slider-2019660559\"\n                    class=\"c-slider__nav c-slider__nav--prev\"\n                    aria-label=\"\"\n                >\n                    \n\n\n\n\n\n\n\n    <svg class=\"icons icons--arrow-left-solid\"  aria-hidden=\"true\">\n                <use href=\"\/wp-content\/themes\/globalia-theme\/dist\/icons\/icon-system.svg#arrow-left-solid\"><\/use>\n    <\/svg>\n                <\/button>\n                <button\n                    data-slider-next=\"c08-slider-2019660559\"\n                    class=\"c-slider__nav c-slider__nav--next\"\n                    aria-label=\"\"\n                >\n                    \n\n\n\n\n\n\n\n    <svg class=\"icons icons--arrow-right-solid\"  aria-hidden=\"true\">\n                <use href=\"\/wp-content\/themes\/globalia-theme\/dist\/icons\/icon-system.svg#arrow-right-solid\"><\/use>\n    <\/svg>\n                <\/button>\n            <\/div>\n            <\/div>\n<\/div>\n                    \n            \n\n\n\n\n\n\n\n            <\/div>\n<\/section>\n","protected":false},"excerpt":{"rendered":"<p>Next Gen Retail Perspective: explore the ideas and perspectives of young professionals who shape the retail world of tomorrow. Discover Selina Ved&#8217;s perspective!<\/p>\n","protected":false},"featured_media":12050,"template":"","article_category":[106,125,102],"class_list":["post-11991","blog_article","type-blog_article","status-publish","has-post-thumbnail","hentry","article_category-retail-news","article_category-ecommerce","article_category-retail-en"],"acf":[],"yoast_head":"<!-- This site is optimized with the Yoast SEO plugin v27.2 - https:\/\/yoast.com\/product\/yoast-seo-wordpress\/ -->\n<title>Retail Council of Quebec - Next Gen Retail Perspective<\/title>\n<meta name=\"description\" content=\"Explore the ideas and perspectives of young professionals who shape the retail world of tomorrow. Discover Selina Ved&#039;s perspective!\" \/>\n<meta name=\"robots\" content=\"index, follow, max-snippet:-1, max-image-preview:large, max-video-preview:-1\" \/>\n<link rel=\"canonical\" href=\"https:\/\/www.cqcd.org\/en\/blog\/winning-global-markets-a-roadmap-for-quebec-retailers\/\" \/>\n<meta property=\"og:locale\" content=\"en_US\" \/>\n<meta property=\"og:type\" content=\"article\" \/>\n<meta property=\"og:title\" content=\"Retail Council of Quebec - Next Gen Retail Perspective\" \/>\n<meta property=\"og:description\" content=\"Explore the ideas and perspectives of young professionals who shape the retail world of tomorrow. Discover Selina Ved&#039;s perspective!\" \/>\n<meta property=\"og:url\" content=\"https:\/\/www.cqcd.org\/en\/blog\/winning-global-markets-a-roadmap-for-quebec-retailers\/\" \/>\n<meta property=\"og:site_name\" content=\"Conseil qu\u00e9b\u00e9cois du commerce de d\u00e9tail\" \/>\n<meta property=\"article:modified_time\" content=\"2025-09-27T23:06:13+00:00\" \/>\n<meta property=\"og:image\" content=\"https:\/\/www.cqcd.org\/wp-content\/uploads\/2025\/07\/1200x630_Point-de-vue-de-la-releve-Selina-Ved-ANG-CQCD-1.png\" \/>\n\t<meta property=\"og:image:width\" content=\"1200\" \/>\n\t<meta property=\"og:image:height\" content=\"630\" \/>\n\t<meta property=\"og:image:type\" content=\"image\/png\" \/>\n<meta name=\"twitter:card\" content=\"summary_large_image\" \/>\n<meta name=\"twitter:label1\" content=\"Est. reading time\" \/>\n\t<meta name=\"twitter:data1\" content=\"1 minute\" \/>\n<script type=\"application\/ld+json\" class=\"yoast-schema-graph\">{\"@context\":\"https:\/\/schema.org\",\"@graph\":[{\"@type\":\"WebPage\",\"@id\":\"https:\/\/www.cqcd.org\/en\/blog\/winning-global-markets-a-roadmap-for-quebec-retailers\/\",\"url\":\"https:\/\/www.cqcd.org\/en\/blog\/winning-global-markets-a-roadmap-for-quebec-retailers\/\",\"name\":\"Retail Council of Quebec - Next Gen Retail Perspective\",\"isPartOf\":{\"@id\":\"https:\/\/www.cqcd.org\/en\/#website\"},\"primaryImageOfPage\":{\"@id\":\"https:\/\/www.cqcd.org\/en\/blog\/winning-global-markets-a-roadmap-for-quebec-retailers\/#primaryimage\"},\"image\":{\"@id\":\"https:\/\/www.cqcd.org\/en\/blog\/winning-global-markets-a-roadmap-for-quebec-retailers\/#primaryimage\"},\"thumbnailUrl\":\"https:\/\/www.cqcd.org\/wp-content\/uploads\/2025\/07\/Point-de-vue-de-la-releve-Selina-Ved-ANG-CQCD-1.png\",\"datePublished\":\"2025-07-21T15:31:03+00:00\",\"dateModified\":\"2025-09-27T23:06:13+00:00\",\"description\":\"Explore the ideas and perspectives of young professionals who shape the retail world of tomorrow. Discover Selina Ved's perspective!\",\"breadcrumb\":{\"@id\":\"https:\/\/www.cqcd.org\/en\/blog\/winning-global-markets-a-roadmap-for-quebec-retailers\/#breadcrumb\"},\"inLanguage\":\"en-US\",\"potentialAction\":[{\"@type\":\"ReadAction\",\"target\":[\"https:\/\/www.cqcd.org\/en\/blog\/winning-global-markets-a-roadmap-for-quebec-retailers\/\"]}]},{\"@type\":\"ImageObject\",\"inLanguage\":\"en-US\",\"@id\":\"https:\/\/www.cqcd.org\/en\/blog\/winning-global-markets-a-roadmap-for-quebec-retailers\/#primaryimage\",\"url\":\"https:\/\/www.cqcd.org\/wp-content\/uploads\/2025\/07\/Point-de-vue-de-la-releve-Selina-Ved-ANG-CQCD-1.png\",\"contentUrl\":\"https:\/\/www.cqcd.org\/wp-content\/uploads\/2025\/07\/Point-de-vue-de-la-releve-Selina-Ved-ANG-CQCD-1.png\",\"width\":437,\"height\":322,\"caption\":\"CQCD - Retail - Aldo - Tim Hortons - Selina Ved\"},{\"@type\":\"BreadcrumbList\",\"@id\":\"https:\/\/www.cqcd.org\/en\/blog\/winning-global-markets-a-roadmap-for-quebec-retailers\/#breadcrumb\",\"itemListElement\":[{\"@type\":\"ListItem\",\"position\":1,\"name\":\"Accueil\",\"item\":\"https:\/\/www.cqcd.org\/en\/\"},{\"@type\":\"ListItem\",\"position\":2,\"name\":\"Winning Global Markets: A Roadmap for Quebec Retailers\"}]},{\"@type\":\"WebSite\",\"@id\":\"https:\/\/www.cqcd.org\/en\/#website\",\"url\":\"https:\/\/www.cqcd.org\/en\/\",\"name\":\"Conseil qu\u00e9b\u00e9cois du commerce de d\u00e9tail\",\"description\":\"\",\"potentialAction\":[{\"@type\":\"SearchAction\",\"target\":{\"@type\":\"EntryPoint\",\"urlTemplate\":\"https:\/\/www.cqcd.org\/en\/?s={search_term_string}\"},\"query-input\":{\"@type\":\"PropertyValueSpecification\",\"valueRequired\":true,\"valueName\":\"search_term_string\"}}],\"inLanguage\":\"en-US\"}]}<\/script>\n<!-- \/ Yoast SEO plugin. -->","yoast_head_json":{"title":"Retail Council of Quebec - Next Gen Retail Perspective","description":"Explore the ideas and perspectives of young professionals who shape the retail world of tomorrow. Discover Selina Ved's perspective!","robots":{"index":"index","follow":"follow","max-snippet":"max-snippet:-1","max-image-preview":"max-image-preview:large","max-video-preview":"max-video-preview:-1"},"canonical":"https:\/\/www.cqcd.org\/en\/blog\/winning-global-markets-a-roadmap-for-quebec-retailers\/","og_locale":"en_US","og_type":"article","og_title":"Retail Council of Quebec - Next Gen Retail Perspective","og_description":"Explore the ideas and perspectives of young professionals who shape the retail world of tomorrow. Discover Selina Ved's perspective!","og_url":"https:\/\/www.cqcd.org\/en\/blog\/winning-global-markets-a-roadmap-for-quebec-retailers\/","og_site_name":"Conseil qu\u00e9b\u00e9cois du commerce de d\u00e9tail","article_modified_time":"2025-09-27T23:06:13+00:00","og_image":[{"width":1200,"height":630,"url":"https:\/\/www.cqcd.org\/wp-content\/uploads\/2025\/07\/1200x630_Point-de-vue-de-la-releve-Selina-Ved-ANG-CQCD-1.png","type":"image\/png"}],"twitter_card":"summary_large_image","twitter_misc":{"Est. reading time":"1 minute"},"schema":{"@context":"https:\/\/schema.org","@graph":[{"@type":"WebPage","@id":"https:\/\/www.cqcd.org\/en\/blog\/winning-global-markets-a-roadmap-for-quebec-retailers\/","url":"https:\/\/www.cqcd.org\/en\/blog\/winning-global-markets-a-roadmap-for-quebec-retailers\/","name":"Retail Council of Quebec - Next Gen Retail Perspective","isPartOf":{"@id":"https:\/\/www.cqcd.org\/en\/#website"},"primaryImageOfPage":{"@id":"https:\/\/www.cqcd.org\/en\/blog\/winning-global-markets-a-roadmap-for-quebec-retailers\/#primaryimage"},"image":{"@id":"https:\/\/www.cqcd.org\/en\/blog\/winning-global-markets-a-roadmap-for-quebec-retailers\/#primaryimage"},"thumbnailUrl":"https:\/\/www.cqcd.org\/wp-content\/uploads\/2025\/07\/Point-de-vue-de-la-releve-Selina-Ved-ANG-CQCD-1.png","datePublished":"2025-07-21T15:31:03+00:00","dateModified":"2025-09-27T23:06:13+00:00","description":"Explore the ideas and perspectives of young professionals who shape the retail world of tomorrow. Discover Selina Ved's perspective!","breadcrumb":{"@id":"https:\/\/www.cqcd.org\/en\/blog\/winning-global-markets-a-roadmap-for-quebec-retailers\/#breadcrumb"},"inLanguage":"en-US","potentialAction":[{"@type":"ReadAction","target":["https:\/\/www.cqcd.org\/en\/blog\/winning-global-markets-a-roadmap-for-quebec-retailers\/"]}]},{"@type":"ImageObject","inLanguage":"en-US","@id":"https:\/\/www.cqcd.org\/en\/blog\/winning-global-markets-a-roadmap-for-quebec-retailers\/#primaryimage","url":"https:\/\/www.cqcd.org\/wp-content\/uploads\/2025\/07\/Point-de-vue-de-la-releve-Selina-Ved-ANG-CQCD-1.png","contentUrl":"https:\/\/www.cqcd.org\/wp-content\/uploads\/2025\/07\/Point-de-vue-de-la-releve-Selina-Ved-ANG-CQCD-1.png","width":437,"height":322,"caption":"CQCD - Retail - Aldo - Tim Hortons - Selina Ved"},{"@type":"BreadcrumbList","@id":"https:\/\/www.cqcd.org\/en\/blog\/winning-global-markets-a-roadmap-for-quebec-retailers\/#breadcrumb","itemListElement":[{"@type":"ListItem","position":1,"name":"Accueil","item":"https:\/\/www.cqcd.org\/en\/"},{"@type":"ListItem","position":2,"name":"Winning Global Markets: A Roadmap for Quebec Retailers"}]},{"@type":"WebSite","@id":"https:\/\/www.cqcd.org\/en\/#website","url":"https:\/\/www.cqcd.org\/en\/","name":"Conseil qu\u00e9b\u00e9cois du commerce de d\u00e9tail","description":"","potentialAction":[{"@type":"SearchAction","target":{"@type":"EntryPoint","urlTemplate":"https:\/\/www.cqcd.org\/en\/?s={search_term_string}"},"query-input":{"@type":"PropertyValueSpecification","valueRequired":true,"valueName":"search_term_string"}}],"inLanguage":"en-US"}]}},"_links":{"self":[{"href":"https:\/\/www.cqcd.org\/en\/wp-json\/wp\/v2\/blog_article\/11991","targetHints":{"allow":["GET"]}}],"collection":[{"href":"https:\/\/www.cqcd.org\/en\/wp-json\/wp\/v2\/blog_article"}],"about":[{"href":"https:\/\/www.cqcd.org\/en\/wp-json\/wp\/v2\/types\/blog_article"}],"wp:featuredmedia":[{"embeddable":true,"href":"https:\/\/www.cqcd.org\/en\/wp-json\/wp\/v2\/media\/12050"}],"wp:attachment":[{"href":"https:\/\/www.cqcd.org\/en\/wp-json\/wp\/v2\/media?parent=11991"}],"wp:term":[{"taxonomy":"article_category","embeddable":true,"href":"https:\/\/www.cqcd.org\/en\/wp-json\/wp\/v2\/article_category?post=11991"}],"curies":[{"name":"wp","href":"https:\/\/api.w.org\/{rel}","templated":true}]}}