{"id":3050,"date":"2023-12-12T16:46:00","date_gmt":"2023-12-12T21:46:00","guid":{"rendered":"https:\/\/www.cqcd.org\/blogue\/dans-les-coulisses-duniqlo-retour-sur-la-visite-de-magasin-du-cqcd\/"},"modified":"2024-07-15T12:35:30","modified_gmt":"2024-07-15T16:35:30","slug":"behind-the-scenes-at-uniqlo-a-recap-of-our-store-visit","status":"publish","type":"blog_article","link":"https:\/\/www.cqcd.org\/en\/blog\/behind-the-scenes-at-uniqlo-a-recap-of-our-store-visit\/","title":{"rendered":"Behind the scenes at Uniqlo: a recap of our store visit"},"content":{"rendered":"    \n\n\n\n\n\n\n\n\n\n\n\n\n\n<section data-module='m03a' class=\"md:u-pt-fl m-content m-content--image-double   u-bg-[var(--module-background-color)] \" style=\"--module-background-color:var(--color-primary-500); --pt-min-value:0; --pt-max-value:0;\">\n        <div class=\"l-container \" style=\"\" >\n        <div class=\"m-content__content u-pt-fl u-pb-fl u-px-fl u-text-[var(--module-text-color)]   \" style=\"--pt-min-value:7; --pt-max-value:10; --pb-min-value:7; --pb-max-value:10; --px-min-value:0; --px-max-value:0; \n                            \n                                                                        \n         \n\n    \n    --module-text-color:var(--color-root-white); --module-subtitle-color:var(--color-secondary-300); --module-image-bg-pattern-color:var(--color-quaternary-500); --module-typography-ul-marker-color:var(--color-secondary-300); --module-typography-link-color:var(--color-root-white); --module-typography-link-hover-color:var(--color-secondary-300); --module-legend-text-color:var(--color-root-white);\n \">\n            \n                                            \n                \n\n\n\n\n\n\n\n\n\n\n\n\n<main class=\"l-grid   l-grid--2@md   u-items-center  u-justify-start u-gap-y-fl u-text-left\" style=\"--gap-y-min-value:5; --gap-y-max-value:7; --grid-gutter:    \n                \n                \n    clamp(1.5000rem, 1.2727rem + 0.60606060606061vw, 2.0000rem)\n;\">\n                    <div class=\"l-grid__block\">\n            <picture     \n                        \n                                        \n                                            \n                                                                            \n                        \n     class=\"c-image   c-image-has-bg-pattern c-image-has-bg-pattern--right\" style=\"--border-radius: 8; --radius: 0; --image-bg-pattern-offset-amount:9; --image-bg-pattern-mobile-offset-amount:4.5; --image-bg-pattern-color:var(--color-quaternary-500);\"\n>\n    \n    \n    \n            <source\n            media=\"(min-width: 900px)\"\n            srcset=\"https:\/\/www.cqcd.org\/wp-content\/uploads\/2023\/12\/Uniglo-logo-1024x768.jpg.webp\"\n            type=\"\"\n        >\n            <source\n            media=\"(min-width: 800px)\"\n            srcset=\"https:\/\/www.cqcd.org\/wp-content\/uploads\/2023\/12\/Uniglo-logo-1024x768.jpg-800x600.webp\"\n            type=\"\"\n        >\n            <source\n            media=\"(min-width: 400px)\"\n            srcset=\"https:\/\/www.cqcd.org\/wp-content\/uploads\/2023\/12\/Uniglo-logo-1024x768.jpg-400x300.webp\"\n            type=\"\"\n        >\n        <img loading=\"lazy\" decoding=\"async\"     \n                        \n                                        \n                                            \n                                        \n                                            \n                                        \n                                            \n                                        \n                                            \n                                        \n                                                                    \n                                        \n                                            \n                                                                            \n                        \n     class=\"u-w-full u-h-auto\" src=\"https:\/\/www.cqcd.org\/wp-content\/uploads\/2023\/12\/Uniglo-logo-1024x768.jpg.webp\" alt width=\"1024\" height=\"768\" fetchpriority=\"auto\" style=\"\"\n\/>\n\n    <\/picture>\n        <\/div>\n                    <div class=\"l-grid__block\">\n            <h2 target class=\"c-title    c-title--300\" style=\"--title-emphasis-color: var(--color-root-white);\">\n        Uniqlo in Canada\n            <\/h2>\n\n                                        \n\n\n\n\n\n\n\n\n\n\n\n\n<div class=\"c-typography  u-mt-6 c-typography--paragraph-size\" style=\"--typography-paragraph-font-size: var(--font-size-180); --typography-max-width: 100%;\">\n    <p class=\"MsoNormal\"><span lang=\"FR\">Uniqlo is a Japanese ready-to-wear brand that has gained worldwide acclaim for its approach to fashion focused on quality, functionality, and simplicity.<\/span><\/p>\n<p class=\"MsoNormal\"><span lang=\"FR\">Uniqlo has a total of 19 stores across Canada, located in four provinces (Alberta, British Columbia, Ontario, and Quebec). The Uniqlo store we visited is the first in Quebec and offers a full range of items for men, women, children, and babies over an area of 32,000 square feet.<\/span><\/p>\n<p class=\"MsoNormal\"><span lang=\"FR\">The brand was founded in Japan in 1984 by Tadashi Yanai under the name &#8220;Unique Clothing Warehouse,&#8221; from which the name UNIQLO is derived, a contraction of the terms &#8220;Unique&#8221; and &#8220;Clothing.&#8221; Operating under the banner of its parent company Fast Retailing Co., it has experienced significant global expansion in recent years, and the North American market represents a key aspect of this expansion.<\/span><\/p>\n<p class=\"MsoNormal\"><span lang=\"FR\">The store visit allowed our invited retailers to discover Uniqlo&#8217;s brand philosophy and the key areas around which the Eaton Centre store in Montreal operates.<\/span><\/p>\n\n<\/div>\n        <\/div>\n    <\/main>\n                                <\/div>\n    <\/div>\n<\/section>\n\n\n    \n\n\n\n\n\n\n\n\n\n\n\n\n\n<section data-module='m03a' class=\"md:u-pt-fl m-content m-content--image-double   u-bg-[var(--module-background-color)] \" style=\"--module-background-color:var(--color-primary-50); --pt-min-value:0; --pt-max-value:0;\">\n        <div class=\"l-container \" style=\"\" >\n        <div class=\"m-content__content u-pt-fl u-pb-fl u-px-fl u-text-[var(--module-text-color)]   \" style=\"--pt-min-value:7; --pt-max-value:10; --pb-min-value:7; --pb-max-value:10; --px-min-value:0; --px-max-value:0; \n                            \n         \n\n    \n    --module-text-color:var(--root-color); --module-subtitle-color:var(--root-color); --module-image-bg-pattern-color:var(--color-quaternary-500); --module-typography-ul-marker-color:var(--color-primary-500); --module-typography-link-color:var(--color-primary-500); --module-typography-link-hover-color:var(--color-primary-500); --module-legend-text-color:var(--color-primary-500);\n \">\n            \n                                            \n                \n\n\n\n\n\n\n\n\n\n\n\n\n<main class=\"l-grid   l-grid--2@md   u-items-center  u-justify-start u-gap-y-fl u-text-left  md:u-flex-row-reverse\" style=\"--gap-y-min-value:5; --gap-y-max-value:7; --grid-gutter:    \n                \n                \n    clamp(1.5000rem, 1.2727rem + 0.60606060606061vw, 2.0000rem)\n;\">\n                    <div class=\"l-grid__block\">\n            <picture     \n                        \n                                        \n                                            \n                                                                            \n                        \n     class=\"c-image   c-image-has-bg-pattern c-image-has-bg-pattern--right\" style=\"--border-radius: 8; --radius: 0; --image-bg-pattern-offset-amount:9; --image-bg-pattern-mobile-offset-amount:4.5; --image-bg-pattern-color:var(--color-quaternary-500);\"\n>\n    \n    \n    \n            <source\n            media=\"(min-width: 900px)\"\n            srcset=\"https:\/\/www.cqcd.org\/wp-content\/uploads\/2023\/12\/Uniqlo-magasin-centre-eaton.jpg.webp\"\n            type=\"\"\n        >\n            <source\n            media=\"(min-width: 800px)\"\n            srcset=\"https:\/\/www.cqcd.org\/wp-content\/uploads\/2023\/12\/Uniqlo-magasin-centre-eaton.jpg.webp\"\n            type=\"\"\n        >\n            <source\n            media=\"(min-width: 400px)\"\n            srcset=\"https:\/\/www.cqcd.org\/wp-content\/uploads\/2023\/12\/Uniqlo-magasin-centre-eaton.jpg-400x300.webp\"\n            type=\"\"\n        >\n        <img loading=\"lazy\" decoding=\"async\"     \n                        \n                                        \n                                            \n                                        \n                                            \n                                        \n                                            \n                                        \n                                            \n                                        \n                                                                    \n                                        \n                                            \n                                                                            \n                        \n     class=\"u-w-full u-h-auto\" src=\"https:\/\/www.cqcd.org\/wp-content\/uploads\/2023\/12\/Uniqlo-magasin-centre-eaton.jpg.webp\" alt width=\"640\" height=\"480\" fetchpriority=\"auto\" style=\"\"\n\/>\n\n    <\/picture>\n        <\/div>\n                    <div class=\"l-grid__block\">\n            <h2 target class=\"c-title    c-title--300\" style=\"--title-emphasis-color: var(--color-root-white);\">\n        The LifeWear Philosophy at the Heart of Uniqlo Stores\n            <\/h2>\n\n                                        \n\n\n\n\n\n\n\n\n\n\n\n\n<div class=\"c-typography  u-mt-6 c-typography--paragraph-size\" style=\"--typography-paragraph-font-size: var(--font-size-180); --typography-max-width: 100%;\">\n    <p class=\"MsoNormal\"><span lang=\"FR\">The LifeWear philosophy is at the heart of the experience offered by Uniqlo, including at its store located in the Eaton Centre in Montreal. It transcends the simple approach to clothing to become a true vision of fashion, aiming to provide high-quality, functional, and durable garments that seamlessly fit into everyday life.<\/span><\/p>\n<p class=\"MsoNormal\"><span lang=\"FR\">This philosophy is reflected in the store&#8217;s layout, highlighting functionality, practicality, and aesthetics. From the folding of clothes to the choice of colors, every detail is meticulously considered to optimize the experience for consumers. The clothes are universal and timeless, allowing the brand to offer a stable range of products over time, with various iterations. Evolution occurs primarily in textile innovation.<\/span><\/p>\n\n<\/div>\n        <\/div>\n    <\/main>\n                                <\/div>\n    <\/div>\n<\/section>\n\n\n    \n\n\n\n\n\n\n\n\n\n\n\n\n\n<section data-module='m03a' class=\"md:u-pt-fl m-content m-content--image-double   u-bg-[var(--module-background-color)] \" style=\"--module-background-color:var(--color-root-white); --pt-min-value:0; --pt-max-value:0;\">\n        <div class=\"l-container \" style=\"\" >\n        <div class=\"m-content__content u-pt-fl u-pb-fl u-px-fl u-text-[var(--module-text-color)]   \" style=\"--pt-min-value:7; --pt-max-value:10; --pb-min-value:7; --pb-max-value:10; --px-min-value:0; --px-max-value:0; \n                            \n         \n\n    \n    --module-text-color:var(--root-color); --module-subtitle-color:var(--root-color); --module-image-bg-pattern-color:var(--color-quaternary-500); --module-typography-ul-marker-color:var(--color-primary-500); --module-typography-link-color:var(--color-primary-500); --module-typography-link-hover-color:var(--color-primary-500); --module-legend-text-color:var(--color-primary-500);\n \">\n            \n                                            \n                \n\n\n\n\n\n\n\n\n\n\n\n\n<main class=\"l-grid   l-grid--2@md   u-items-center  u-justify-start u-gap-y-fl u-text-left\" style=\"--gap-y-min-value:5; --gap-y-max-value:7; --grid-gutter:    \n                \n                \n    clamp(1.5000rem, 1.2727rem + 0.60606060606061vw, 2.0000rem)\n;\">\n                    <div class=\"l-grid__block\">\n            <picture     \n                        \n                                        \n                                            \n                                                                            \n                        \n     class=\"c-image   c-image-has-bg-pattern c-image-has-bg-pattern--right\" style=\"--border-radius: 8; --radius: 0; --image-bg-pattern-offset-amount:9; --image-bg-pattern-mobile-offset-amount:4.5; --image-bg-pattern-color:var(--color-quaternary-500);\"\n>\n    \n    \n    \n            <source\n            media=\"(min-width: 900px)\"\n            srcset=\"https:\/\/www.cqcd.org\/wp-content\/uploads\/2023\/12\/heattech-4.jpg\"\n            type=\"image\/jpeg\"\n        >\n            <source\n            media=\"(min-width: 800px)\"\n            srcset=\"https:\/\/www.cqcd.org\/wp-content\/uploads\/2023\/12\/heattech-4.jpg\"\n            type=\"image\/jpeg\"\n        >\n            <source\n            media=\"(min-width: 400px)\"\n            srcset=\"https:\/\/www.cqcd.org\/wp-content\/uploads\/2023\/12\/heattech-4-400x300.jpg\"\n            type=\"image\/jpeg\"\n        >\n        <img loading=\"lazy\" decoding=\"async\"     \n                        \n                                        \n                                            \n                                        \n                                            \n                                        \n                                            \n                                        \n                                            \n                                        \n                                                                    \n                                        \n                                            \n                                                                            \n                        \n     class=\"u-w-full u-h-auto\" src=\"https:\/\/www.cqcd.org\/wp-content\/uploads\/2023\/12\/heattech-4.jpg\" alt width=\"480\" height=\"544\" fetchpriority=\"auto\" style=\"\"\n\/>\n\n    <\/picture>\n        <\/div>\n                    <div class=\"l-grid__block\">\n            <h2 target class=\"c-title    c-title--300\" style=\"--title-emphasis-color: var(--color-root-white);\">\n        Highlighting textile Innovation at the heart of the store\n            <\/h2>\n\n                                        \n\n\n\n\n\n\n\n\n\n\n\n\n<div class=\"c-typography  u-mt-6 c-typography--paragraph-size\" style=\"--typography-paragraph-font-size: var(--font-size-180); --typography-max-width: 100%;\">\n    <p class=\"MsoNormal\">The brand demonstrates an undeniable commitment to the research and development of innovative textiles and processes aimed at offering distinctive, highly functional clothing suited to various climates. During our store visit, we observed various tangible advancements showcased through demonstrations and clear explanations for consumers.<\/p>\n\n<\/div>\n        <\/div>\n    <\/main>\n                                <\/div>\n    <\/div>\n<\/section>\n\n\n    \n\n\n\n\n\n\n\n\n\n\n\n\n\n<section data-module='m03a' class=\"md:u-pt-fl m-content m-content--image-double   u-bg-[var(--module-background-color)] \" style=\"--module-background-color:var(--color-root-white); --pt-min-value:0; --pt-max-value:0;\">\n        <div class=\"l-container \" style=\"\" >\n        <div class=\"m-content__content u-pt-fl u-pb-fl u-px-fl u-text-[var(--module-text-color)]   \" style=\"--pt-min-value:7; --pt-max-value:10; --pb-min-value:7; --pb-max-value:10; --px-min-value:0; --px-max-value:0; \n                            \n         \n\n    \n    --module-text-color:var(--root-color); --module-subtitle-color:var(--root-color); --module-image-bg-pattern-color:var(--color-quaternary-500); --module-typography-ul-marker-color:var(--color-primary-500); --module-typography-link-color:var(--color-primary-500); --module-typography-link-hover-color:var(--color-primary-500); --module-legend-text-color:var(--color-primary-500);\n \">\n            \n                                            \n                \n\n\n\n\n\n\n\n\n\n\n\n\n<main class=\"l-grid   l-grid--2@md   u-items-center  u-justify-start u-gap-y-fl u-text-left  md:u-flex-row-reverse\" style=\"--gap-y-min-value:5; --gap-y-max-value:7; --grid-gutter:    \n                \n                \n    clamp(1.5000rem, 1.2727rem + 0.60606060606061vw, 2.0000rem)\n;\">\n                    <div class=\"l-grid__block\">\n            <picture     \n                        \n                                        \n                                            \n                                                                            \n                        \n     class=\"c-image   c-image-has-bg-pattern c-image-has-bg-pattern--right\" style=\"--border-radius: 8; --radius: 0; --image-bg-pattern-offset-amount:9; --image-bg-pattern-mobile-offset-amount:4.5; --image-bg-pattern-color:var(--color-quaternary-500);\"\n>\n    \n    \n    \n            <source\n            media=\"(min-width: 900px)\"\n            srcset=\"https:\/\/www.cqcd.org\/wp-content\/uploads\/2023\/12\/heatech-1.jpg\"\n            type=\"image\/jpeg\"\n        >\n            <source\n            media=\"(min-width: 800px)\"\n            srcset=\"https:\/\/www.cqcd.org\/wp-content\/uploads\/2023\/12\/heatech-1.jpg\"\n            type=\"image\/jpeg\"\n        >\n            <source\n            media=\"(min-width: 400px)\"\n            srcset=\"https:\/\/www.cqcd.org\/wp-content\/uploads\/2023\/12\/heatech-1-400x300.jpg\"\n            type=\"image\/jpeg\"\n        >\n        <img loading=\"lazy\" decoding=\"async\"     \n                        \n                                        \n                                            \n                                        \n                                            \n                                        \n                                            \n                                        \n                                            \n                                        \n                                                                    \n                                        \n                                            \n                                                                            \n                        \n     class=\"u-w-full u-h-auto\" src=\"https:\/\/www.cqcd.org\/wp-content\/uploads\/2023\/12\/heatech-1.jpg\" alt width=\"640\" height=\"480\" fetchpriority=\"auto\" style=\"\"\n\/>\n\n    <\/picture>\n        <\/div>\n                    <div class=\"l-grid__block\">\n            <div class=\"c-typography  u-mt-6 c-typography--paragraph-size\" style=\"--typography-paragraph-font-size: var(--font-size-180); --typography-max-width: 100%;\">\n    <p class=\"MsoNormal\"><span lang=\"FR\">Among these innovations, HEATTECH technology stands out. This textile breakthrough has enabled the brand to design highly effective thermal clothing, ideal for facing extreme cold conditions while maintaining comfort and freedom of movement. HEATTECH technology has been skillfully integrated into a wide range of products, from underwear to basic items, providing a comprehensive solution for braving the frigid temperatures of the Quebec winter.<\/span><\/p>\n<p class=\"MsoNormal\"><span lang=\"FR\">Another notable innovation is AIRism technology, developed by the brand to create lightweight, highly breathable, and quick-drying clothing, ensuring optimal release of heat and moisture. The brand also utilizes a new process called Blue Cycle, which contributes to making jeans more environmentally friendly. You will find more information about this process further in our article.<\/span><\/p>\n\n<\/div>\n        <\/div>\n    <\/main>\n                                <\/div>\n    <\/div>\n<\/section>\n\n\n    \n\n\n\n\n\n\n\n\n\n\n\n\n\n<section data-module='m03a' class=\"md:u-pt-fl m-content m-content--image-double   u-bg-[var(--module-background-color)] \" style=\"--module-background-color:var(--color-quaternary-100); --pt-min-value:0; --pt-max-value:0;\">\n        <div class=\"l-container \" style=\"\" >\n        <div class=\"m-content__content u-pt-fl u-pb-fl u-px-fl u-text-[var(--module-text-color)]   \" style=\"--pt-min-value:7; --pt-max-value:10; --pb-min-value:7; --pb-max-value:10; --px-min-value:0; --px-max-value:0; \n                            \n                \n         \n\n    \n    --module-text-color:var(--root-color); --module-subtitle-color:var(--root-color); --module-image-bg-pattern-color:var(--color-quaternary-500); --module-typography-ul-marker-color:var(--color-primary-500); --module-typography-link-color:var(--color-primary-500); --module-typography-link-hover-color:var(--color-primary-500); --module-legend-text-color:var(--color-primary-500);\n \">\n            \n                                            \n                \n\n\n\n\n\n\n\n\n\n\n\n\n<main class=\"l-grid   l-grid--2@md   u-items-center  u-justify-start u-gap-y-fl u-text-left\" style=\"--gap-y-min-value:5; --gap-y-max-value:7; --grid-gutter:    \n                \n                \n    clamp(1.5000rem, 1.2727rem + 0.60606060606061vw, 2.0000rem)\n;\">\n                    <div class=\"l-grid__block\">\n            <picture     \n                        \n                                        \n                                            \n                                                                            \n                        \n     class=\"c-image   c-image-has-bg-pattern c-image-has-bg-pattern--right\" style=\"--border-radius: 8; --radius: 0; --image-bg-pattern-offset-amount:9; --image-bg-pattern-mobile-offset-amount:4.5; --image-bg-pattern-color:var(--color-quaternary-500);\"\n>\n    \n    \n    \n            <source\n            media=\"(min-width: 900px)\"\n            srcset=\"https:\/\/www.cqcd.org\/wp-content\/uploads\/2023\/12\/Caisse-libre-service2.jpg\"\n            type=\"image\/jpeg\"\n        >\n            <source\n            media=\"(min-width: 800px)\"\n            srcset=\"https:\/\/www.cqcd.org\/wp-content\/uploads\/2023\/12\/Caisse-libre-service2-610x600.jpg\"\n            type=\"image\/jpeg\"\n        >\n            <source\n            media=\"(min-width: 400px)\"\n            srcset=\"https:\/\/www.cqcd.org\/wp-content\/uploads\/2023\/12\/Caisse-libre-service2-400x300.jpg\"\n            type=\"image\/jpeg\"\n        >\n        <img loading=\"lazy\" decoding=\"async\"     \n                        \n                                        \n                                            \n                                        \n                                            \n                                        \n                                            \n                                        \n                                            \n                                        \n                                                                    \n                                        \n                                            \n                                                                            \n                        \n     class=\"u-w-full u-h-auto\" src=\"https:\/\/www.cqcd.org\/wp-content\/uploads\/2023\/12\/Caisse-libre-service2.jpg\" alt width=\"610\" height=\"640\" fetchpriority=\"auto\" style=\"\"\n\/>\n\n    <\/picture>\n        <\/div>\n                    <div class=\"l-grid__block\">\n            <h2 target class=\"c-title    c-title--300\" style=\"--title-emphasis-color: var(--color-root-white);\">\n        Avoiding long lines and promoting self-service\n            <\/h2>\n\n                                        \n\n\n\n\n\n\n\n\n\n\n\n\n<div class=\"c-typography  u-mt-6 c-typography--paragraph-size\" style=\"--typography-paragraph-font-size: var(--font-size-180); --typography-max-width: 100%;\">\n    <p class=\"MsoNormal\">The in-store experience at Uniqlo in the Eaton Centre has been designed to optimize the customer journey by offering distinct areas tailored to different clientele and their specific needs. To reduce wait times at checkout, the company has implemented self-service kiosks. Clothing items, equipped with RFID chips, can simply be placed on the kiosk without the need for manual scanning. This technology allows the retailer to track each item individually from its factories to its warehouses and within the stores.<\/p>\n\n<\/div>\n        <\/div>\n    <\/main>\n                                <\/div>\n    <\/div>\n<\/section>\n\n\n    \n\n\n\n\n\n\n\n\n\n\n\n\n\n<section data-module='m03a' class=\"md:u-pt-fl m-content m-content--image-double   u-bg-[var(--module-background-color)] \" style=\"--module-background-color:var(--color-root-white); --pt-min-value:0; --pt-max-value:0;\">\n        <div class=\"l-container \" style=\"\" >\n        <div class=\"m-content__content u-pt-fl u-pb-fl u-px-fl u-text-[var(--module-text-color)]   \" style=\"--pt-min-value:7; --pt-max-value:10; --pb-min-value:7; --pb-max-value:10; --px-min-value:0; --px-max-value:0; \n                            \n         \n\n    \n    --module-text-color:var(--root-color); --module-subtitle-color:var(--root-color); --module-image-bg-pattern-color:var(--color-quaternary-500); --module-typography-ul-marker-color:var(--color-primary-500); --module-typography-link-color:var(--color-primary-500); --module-typography-link-hover-color:var(--color-primary-500); --module-legend-text-color:var(--color-primary-500);\n \">\n            \n                                            \n                \n\n\n\n\n\n\n\n\n\n\n\n\n<main class=\"l-grid   l-grid--2@md   u-items-center  u-justify-start u-gap-y-fl u-text-left  md:u-flex-row-reverse\" style=\"--gap-y-min-value:5; --gap-y-max-value:7; --grid-gutter:    \n                \n                \n    clamp(1.5000rem, 1.2727rem + 0.60606060606061vw, 2.0000rem)\n;\">\n                    <div class=\"l-grid__block\">\n            <picture     \n                        \n                                        \n                                            \n                                                                            \n                        \n     class=\"c-image   c-image-has-bg-pattern c-image-has-bg-pattern--right\" style=\"--border-radius: 8; --radius: 0; --image-bg-pattern-offset-amount:9; --image-bg-pattern-mobile-offset-amount:4.5; --image-bg-pattern-color:var(--color-quaternary-500);\"\n>\n    \n    \n    \n            <source\n            media=\"(min-width: 900px)\"\n            srcset=\"https:\/\/www.cqcd.org\/wp-content\/uploads\/2023\/12\/Caisse-libre-service.jpg\"\n            type=\"image\/jpeg\"\n        >\n            <source\n            media=\"(min-width: 800px)\"\n            srcset=\"https:\/\/www.cqcd.org\/wp-content\/uploads\/2023\/12\/Caisse-libre-service.jpg\"\n            type=\"image\/jpeg\"\n        >\n            <source\n            media=\"(min-width: 400px)\"\n            srcset=\"https:\/\/www.cqcd.org\/wp-content\/uploads\/2023\/12\/Caisse-libre-service-400x300.jpg\"\n            type=\"image\/jpeg\"\n        >\n        <img loading=\"lazy\" decoding=\"async\"     \n                        \n                                        \n                                            \n                                        \n                                            \n                                        \n                                            \n                                        \n                                            \n                                        \n                                                                    \n                                        \n                                            \n                                                                            \n                        \n     class=\"u-w-full u-h-auto\" src=\"https:\/\/www.cqcd.org\/wp-content\/uploads\/2023\/12\/Caisse-libre-service.jpg\" alt width=\"640\" height=\"480\" fetchpriority=\"auto\" style=\"\"\n\/>\n\n    <\/picture>\n        <\/div>\n                    <div class=\"l-grid__block\">\n            <div class=\"c-typography  u-mt-6 c-typography--paragraph-size\" style=\"--typography-paragraph-font-size: var(--font-size-180); --typography-max-width: 100%;\">\n    <p class=\"MsoNormal\"><span lang=\"FR\">This data is crucial for Uniqlo, enhancing inventory accuracy in stores, adjusting production based on demand, and providing better visibility into its supply chain. The brand can also reallocate human resources previously assigned to checkout counters to other tasks, such as customer service. A staff member is specifically dedicated to assisting customers with questions or issues related to the self-service checkouts, ensuring personalized and attentive service.<\/span><\/p>\n\n<\/div>\n        <\/div>\n    <\/main>\n                                <\/div>\n    <\/div>\n<\/section>\n\n\n    \n\n\n\n\n\n\n\n\n\n\n\n\n\n<section data-module='m03a' class=\"md:u-pt-fl m-content m-content--image-double   u-bg-[var(--module-background-color)] \" style=\"--module-background-color:var(--color-quaternary-100); --pt-min-value:0; --pt-max-value:0;\">\n        <div class=\"l-container \" style=\"\" >\n        <div class=\"m-content__content u-pt-fl u-pb-fl u-px-fl u-text-[var(--module-text-color)]   \" style=\"--pt-min-value:7; --pt-max-value:10; --pb-min-value:7; --pb-max-value:10; --px-min-value:0; --px-max-value:0; \n                            \n                \n         \n\n    \n    --module-text-color:var(--root-color); --module-subtitle-color:var(--root-color); --module-image-bg-pattern-color:var(--color-quaternary-500); --module-typography-ul-marker-color:var(--color-primary-500); --module-typography-link-color:var(--color-primary-500); --module-typography-link-hover-color:var(--color-primary-500); --module-legend-text-color:var(--color-primary-500);\n \">\n            \n                                            \n                \n\n\n\n\n\n\n\n\n\n\n\n\n<main class=\"l-grid   l-grid--2@md   u-items-center  u-justify-start u-gap-y-fl u-text-left\" style=\"--gap-y-min-value:5; --gap-y-max-value:7; --grid-gutter:    \n                \n                \n    clamp(1.5000rem, 1.2727rem + 0.60606060606061vw, 2.0000rem)\n;\">\n                    <div class=\"l-grid__block\">\n            <picture     \n                        \n                                        \n                                            \n                                                                            \n                        \n     class=\"c-image   c-image-has-bg-pattern c-image-has-bg-pattern--right\" style=\"--border-radius: 8; --radius: 0; --image-bg-pattern-offset-amount:9; --image-bg-pattern-mobile-offset-amount:4.5; --image-bg-pattern-color:var(--color-quaternary-500);\"\n>\n    \n    \n    \n            <source\n            media=\"(min-width: 900px)\"\n            srcset=\"https:\/\/www.cqcd.org\/wp-content\/uploads\/2023\/12\/Uniqlo-magasin-1024x768.jpg.webp\"\n            type=\"\"\n        >\n            <source\n            media=\"(min-width: 800px)\"\n            srcset=\"https:\/\/www.cqcd.org\/wp-content\/uploads\/2023\/12\/Uniqlo-magasin-1024x768.jpg-800x600.webp\"\n            type=\"\"\n        >\n            <source\n            media=\"(min-width: 400px)\"\n            srcset=\"https:\/\/www.cqcd.org\/wp-content\/uploads\/2023\/12\/Uniqlo-magasin-1024x768.jpg-400x300.webp\"\n            type=\"\"\n        >\n        <img loading=\"lazy\" decoding=\"async\"     \n                        \n                                        \n                                            \n                                        \n                                            \n                                        \n                                            \n                                        \n                                            \n                                        \n                                                                    \n                                        \n                                            \n                                                                            \n                        \n     class=\"u-w-full u-h-auto\" src=\"https:\/\/www.cqcd.org\/wp-content\/uploads\/2023\/12\/Uniqlo-magasin-1024x768.jpg.webp\" alt width=\"1024\" height=\"768\" fetchpriority=\"auto\" style=\"\"\n\/>\n\n    <\/picture>\n        <\/div>\n                    <div class=\"l-grid__block\">\n            <h2 target class=\"c-title    c-title--300\" style=\"--title-emphasis-color: var(--color-root-white);\">\n        Ressources humaines : former les leaders de demain\n            <\/h2>\n\n                                        \n\n\n\n\n\n\n\n\n\n\n\n\n<div class=\"c-typography  u-mt-6 c-typography--paragraph-size\" style=\"--typography-paragraph-font-size: var(--font-size-180); --typography-max-width: 100%;\">\n    <p class=\"MsoNormal\">Il n\u2019y a aucun doute que la p\u00e9nurie de main-d\u2019\u0153uvre constitue l\u2019un des d\u00e9fis majeurs dans le secteur du commerce de d\u00e9tail au Qu\u00e9bec et, plus largement, au Canada. Au Qu\u00e9bec, la p\u00e9nurie de main-d\u2019\u0153uvre dans ce secteur repr\u00e9sente pr\u00e8s de 29 000 postes \u00e0 pourvoir. Pouss\u00e9e par des objectifs de croissance ambitieux et des ouvertures de magasins \u00e0 l\u2019\u00e9chelle mondiale, l\u2019entreprise japonaise doit mener des campagnes de recrutement massives dans les march\u00e9s o\u00f9 elle s\u2019implante. Comment parvient-elle alors \u00e0 se distinguer et \u00e0 favoriser la r\u00e9tention de ses employ\u00e9\u00b7es ?<\/p>\n<p class=\"MsoNormal\">Outre les conditions et l\u2019environnement de travail inclusif, la marque accorde une importance particuli\u00e8re \u00e0 la formation de ses gestionnaires. En effet, l\u2019entreprise a instaur\u00e9 un programme de formation internationale visant \u00e0 d\u00e9velopper ses propres gestionnaires en tant que leaders autonomes, dot\u00e9s de fortes responsabilit\u00e9s et d\u2019une libert\u00e9 d\u00e9cisionnelle directe sur les op\u00e9rations des magasins qu\u2019ils\/elles dirigent. Le processus de formation commence en magasin pendant un trimestre, o\u00f9 ils\/elles occupent divers postes, avant de suivre une formation th\u00e9orique de trois mois au Japon. Par la suite, ils\/elles retournent en magasin pour poursuivre la formation pratique et mettre en application les connaissances acquises tout au long du programme. De plus, un programme de mobilit\u00e9 internationale entre magasins a \u00e9t\u00e9 mis en place pour permettre \u00e0 ces derniers.\u00e8res de s\u2019inspirer des pratiques r\u00e9ussies mises en \u0153uvre ailleurs.<\/p>\n<div class=\"wp-block-paragraph wp-block\" style=\"box-sizing: border-box; margin: 0px; padding: 0px; border: 0px; font-variant-numeric: inherit; font-variant-east-asian: inherit; font-variant-alternates: inherit; font-variant-position: inherit; font-stretch: inherit; line-height: inherit; font-family: 'noto serif', serif; font-optical-sizing: inherit; font-kerning: inherit; font-feature-settings: inherit; font-variation-settings: inherit; vertical-align: baseline; color: #000000;\">\n<div class=\"container--small\" style=\"box-sizing: border-box; margin: 0px auto; padding: 0px; border: 0px; font: inherit; vertical-align: baseline; width: calc(100% - 40px); max-width: 1185px;\">\n<p>&nbsp;<\/p>\n<\/div>\n<\/div>\n\n<\/div>\n        <\/div>\n    <\/main>\n                                <\/div>\n    <\/div>\n<\/section>\n\n\n    \n\n\n\n\n\n\n\n\n\n\n\n\n\n<section data-module='m03a' class=\"md:u-pt-fl m-content m-content--image-double   u-bg-[var(--module-background-color)] \" style=\"--module-background-color:var(--color-root-white); --pt-min-value:0; --pt-max-value:0;\">\n        <div class=\"l-container \" style=\"\" >\n        <div class=\"m-content__content u-pt-fl u-pb-fl u-px-fl u-text-[var(--module-text-color)]   \" style=\"--pt-min-value:7; --pt-max-value:10; --pb-min-value:7; --pb-max-value:10; --px-min-value:0; --px-max-value:0; \n                            \n         \n\n    \n    --module-text-color:var(--root-color); --module-subtitle-color:var(--root-color); --module-image-bg-pattern-color:var(--color-quaternary-500); --module-typography-ul-marker-color:var(--color-primary-500); --module-typography-link-color:var(--color-primary-500); --module-typography-link-hover-color:var(--color-primary-500); --module-legend-text-color:var(--color-primary-500);\n \">\n            \n                                            \n                \n\n\n\n\n\n\n\n\n\n\n\n\n<main class=\"l-grid   l-grid--2@md   u-items-center  u-justify-start u-gap-y-fl u-text-left  md:u-flex-row-reverse\" style=\"--gap-y-min-value:5; --gap-y-max-value:7; --grid-gutter:    \n                \n                \n    clamp(1.5000rem, 1.2727rem + 0.60606060606061vw, 2.0000rem)\n;\">\n                    <div class=\"l-grid__block\">\n            <picture     \n                        \n                                        \n                                            \n                                                                            \n                        \n     class=\"c-image   c-image-has-bg-pattern c-image-has-bg-pattern--right\" style=\"--border-radius: 8; --radius: 0; --image-bg-pattern-offset-amount:9; --image-bg-pattern-mobile-offset-amount:4.5; --image-bg-pattern-color:var(--color-quaternary-500);\"\n>\n    \n    \n    \n            <source\n            media=\"(min-width: 900px)\"\n            srcset=\"https:\/\/www.cqcd.org\/wp-content\/uploads\/2023\/12\/Capture-uniqlo-etat-de-choc.jpg.webp\"\n            type=\"\"\n        >\n            <source\n            media=\"(min-width: 800px)\"\n            srcset=\"https:\/\/www.cqcd.org\/wp-content\/uploads\/2023\/12\/Capture-uniqlo-etat-de-choc.jpg-754x600.webp\"\n            type=\"\"\n        >\n            <source\n            media=\"(min-width: 400px)\"\n            srcset=\"https:\/\/www.cqcd.org\/wp-content\/uploads\/2023\/12\/Capture-uniqlo-etat-de-choc.jpg-400x300.webp\"\n            type=\"\"\n        >\n        <img loading=\"lazy\" decoding=\"async\"     \n                        \n                                        \n                                            \n                                        \n                                            \n                                        \n                                            \n                                        \n                                            \n                                        \n                                                                    \n                                        \n                                            \n                                                                            \n                        \n     class=\"u-w-full u-h-auto\" src=\"https:\/\/www.cqcd.org\/wp-content\/uploads\/2023\/12\/Capture-uniqlo-etat-de-choc.jpg.webp\" alt width=\"754\" height=\"750\" fetchpriority=\"auto\" style=\"\"\n\/>\n\n    <\/picture>\n        <\/div>\n                    <div class=\"l-grid__block\">\n            <h2 target class=\"c-title    c-title--300\" style=\"--title-emphasis-color: var(--color-root-white);\">\n        Cr\u00e9er des synergies avec des entreprises locales qui ont des valeurs similaires\n            <\/h2>\n\n                                        \n\n\n\n\n\n\n\n\n\n\n\n\n<div class=\"c-typography  u-mt-6 c-typography--paragraph-size\" style=\"--typography-paragraph-font-size: var(--font-size-180); --typography-max-width: 100%;\">\n    <p class=\"MsoNormal\">S&#8217;int\u00e9grer et collaborer avec la communaut\u00e9 locale demeure l&#8217;un des piliers fondamentaux du mod\u00e8le d&#8217;Uniqlo. La r\u00e9ussite de la marque repose sur sa volont\u00e9 constante de s&#8217;ajuster \u00e0 la culture des communaut\u00e9s qu&#8217;elle dessert, \u00e9tablissant ainsi des partenariats et cr\u00e9ant des synergies avec des PME qu\u00e9b\u00e9coises partageant des valeurs et un style similaire. En 2022, Uniqlo a manifest\u00e9 cet engagement \u00e0 travers des collaborations marquantes, notamment avec la chocolaterie \u00c9tat de Choc, \u00e0 qui elle a offert une boutique \u00e9ph\u00e9m\u00e8re au sein de son magasin situ\u00e9 au Centre Eaton. D&#8217;autres partenariats ont \u00e9t\u00e9 conclus avec Bell Jar Botanicals, le caf\u00e9 pour cyclistes Allo V\u00e9lo, ainsi qu&#8217;avec de nombreuses autres PME locales.<\/p>\n<p class=\"MsoNormal\">Source photo : Compte Instagram UNIQLO Canada<\/p>\n\n<\/div>\n        <\/div>\n    <\/main>\n                                <\/div>\n    <\/div>\n<\/section>\n\n\n    \n\n\n\n\n\n\n\n\n\n\n\n\n\n<section data-module='m03a' class=\"md:u-pt-fl m-content m-content--image-double   u-bg-[var(--module-background-color)] \" style=\"--module-background-color:var(--color-quaternary-100); --pt-min-value:0; --pt-max-value:0;\">\n        <div class=\"l-container \" style=\"\" >\n        <div class=\"m-content__content u-pt-fl u-pb-fl u-px-fl u-text-[var(--module-text-color)]   \" style=\"--pt-min-value:7; --pt-max-value:10; --pb-min-value:7; --pb-max-value:10; --px-min-value:0; --px-max-value:0; \n                            \n                \n         \n\n    \n    --module-text-color:var(--root-color); --module-subtitle-color:var(--root-color); --module-image-bg-pattern-color:var(--color-quaternary-500); --module-typography-ul-marker-color:var(--color-primary-500); --module-typography-link-color:var(--color-primary-500); --module-typography-link-hover-color:var(--color-primary-500); --module-legend-text-color:var(--color-primary-500);\n \">\n            \n                                            \n                \n\n\n\n\n\n\n\n\n\n\n\n\n<main class=\"l-grid   l-grid--2@md   u-items-center  u-justify-start u-gap-y-fl u-text-left\" style=\"--gap-y-min-value:5; --gap-y-max-value:7; --grid-gutter:    \n                \n                \n    clamp(1.5000rem, 1.2727rem + 0.60606060606061vw, 2.0000rem)\n;\">\n                    <div class=\"l-grid__block\">\n            <picture     \n                        \n                                        \n                                            \n                                                                            \n                        \n     class=\"c-image   c-image-has-bg-pattern c-image-has-bg-pattern--right\" style=\"--border-radius: 8; --radius: 0; --image-bg-pattern-offset-amount:9; --image-bg-pattern-mobile-offset-amount:4.5; --image-bg-pattern-color:var(--color-quaternary-500);\"\n>\n    \n    \n    \n            <source\n            media=\"(min-width: 900px)\"\n            srcset=\"https:\/\/www.cqcd.org\/wp-content\/uploads\/2023\/12\/UNIQLO-dd.jpg.webp\"\n            type=\"\"\n        >\n            <source\n            media=\"(min-width: 800px)\"\n            srcset=\"https:\/\/www.cqcd.org\/wp-content\/uploads\/2023\/12\/UNIQLO-dd.jpg-610x600.webp\"\n            type=\"\"\n        >\n            <source\n            media=\"(min-width: 400px)\"\n            srcset=\"https:\/\/www.cqcd.org\/wp-content\/uploads\/2023\/12\/UNIQLO-dd.jpg-400x300.webp\"\n            type=\"\"\n        >\n        <img loading=\"lazy\" decoding=\"async\"     \n                        \n                                        \n                                            \n                                        \n                                            \n                                        \n                                            \n                                        \n                                            \n                                        \n                                                                    \n                                        \n                                            \n                                                                            \n                        \n     class=\"u-w-full u-h-auto\" src=\"https:\/\/www.cqcd.org\/wp-content\/uploads\/2023\/12\/UNIQLO-dd.jpg.webp\" alt width=\"610\" height=\"640\" fetchpriority=\"auto\" style=\"\"\n\/>\n\n    <\/picture>\n        <\/div>\n                    <div class=\"l-grid__block\">\n            <div class=\"c-subtitle u-text-[var(--module-subtitle-color)] u-mb-4 u-text-140 u-font-semibold u-font-secondary\" >\n        Quelques initiatives au coeur de sa strat\u00e9gie (la plan\u00e8te, la soci\u00e9t\u00e9 et l&#8217;humain)\n    <\/div>\n\n    <h2 target class=\"c-title    c-title--300\" style=\"--title-emphasis-color: var(--color-root-white);\">\n        Uniqlo et le d\u00e9veloppement durable\n            <\/h2>\n\n                                        \n\n\n\n\n\n\n\n\n\n\n\n\n<div class=\"c-typography  u-mt-6 c-typography--paragraph-size\" style=\"--typography-paragraph-font-size: var(--font-size-180); --typography-max-width: 100%;\">\n    <p class=\"MsoNormal\">Afin de mettre en avant ses engagements sociaux, soci\u00e9taux, et environnementaux, ainsi que ses pratiques de fabrication responsable et \u00e9thique, l&#8217;entreprise a d\u00e9velopp\u00e9 une section d\u00e9di\u00e9e en magasin. \u00c0 travers cette initiative, elle prend le temps d&#8217;expliquer en d\u00e9tail ses processus de fabrication et les mat\u00e9riaux utilis\u00e9s dans la conception de ses produits. Cette approche vise \u00e0 sensibiliser les consommateurs et les consommatrices aux enjeux de durabilit\u00e9 et \u00e0 fournir des informations transparentes sur les actions concr\u00e8tes entreprises par Uniqlo.<\/p>\n<p class=\"MsoNormal\">Cette d\u00e9marche permet non seulement de mettre en lumi\u00e8re les r\u00e9sultats tangibles des efforts en mati\u00e8re de durabilit\u00e9, mais elle offre \u00e9galement une occasion privil\u00e9gi\u00e9e de communiquer directement avec une client\u00e8le de plus en plus consciente et soucieuse des implications sociales et environnementales de ses choix de consommation.<\/p>\n<p>&nbsp;<\/p>\n\n<\/div>\n        <\/div>\n    <\/main>\n                                <\/div>\n    <\/div>\n<\/section>\n\n\n    \n\n\n\n\n\n\n\n\n\n\n\n\n\n<section data-module='m03a' class=\"md:u-pt-fl m-content m-content--image-double   u-bg-[var(--module-background-color)] \" style=\"--module-background-color:var(--color-root-white); --pt-min-value:0; --pt-max-value:0;\">\n        <div class=\"l-container \" style=\"\" >\n        <div class=\"m-content__content u-pt-fl u-pb-fl u-px-fl u-text-[var(--module-text-color)]   \" style=\"--pt-min-value:7; --pt-max-value:10; --pb-min-value:7; --pb-max-value:10; --px-min-value:0; --px-max-value:0; \n                            \n         \n\n    \n    --module-text-color:var(--root-color); --module-subtitle-color:var(--root-color); --module-image-bg-pattern-color:var(--color-quaternary-500); --module-typography-ul-marker-color:var(--color-primary-500); --module-typography-link-color:var(--color-primary-500); --module-typography-link-hover-color:var(--color-primary-500); --module-legend-text-color:var(--color-primary-500);\n \">\n            \n                                            \n                \n\n\n\n\n\n\n\n\n\n\n\n\n<main class=\"l-grid   l-grid--2@md   u-items-center  u-justify-start u-gap-y-fl u-text-left  md:u-flex-row-reverse\" style=\"--gap-y-min-value:5; --gap-y-max-value:7; --grid-gutter:    \n                \n                \n    clamp(1.5000rem, 1.2727rem + 0.60606060606061vw, 2.0000rem)\n;\">\n                    <div class=\"l-grid__block\">\n            <picture     \n                        \n                                        \n                                            \n                                                                            \n                        \n     class=\"c-image   c-image-has-bg-pattern c-image-has-bg-pattern--right\" style=\"--border-radius: 8; --radius: 0; --image-bg-pattern-offset-amount:9; --image-bg-pattern-mobile-offset-amount:4.5; --image-bg-pattern-color:var(--color-quaternary-500);\"\n>\n    \n    \n    \n            <source\n            media=\"(min-width: 900px)\"\n            srcset=\"https:\/\/www.cqcd.org\/wp-content\/uploads\/2023\/12\/Planete-uniqlo.jpg\"\n            type=\"image\/jpeg\"\n        >\n            <source\n            media=\"(min-width: 800px)\"\n            srcset=\"https:\/\/www.cqcd.org\/wp-content\/uploads\/2023\/12\/Planete-uniqlo-480x600.jpg\"\n            type=\"image\/jpeg\"\n        >\n            <source\n            media=\"(min-width: 400px)\"\n            srcset=\"https:\/\/www.cqcd.org\/wp-content\/uploads\/2023\/12\/Planete-uniqlo-400x300.jpg\"\n            type=\"image\/jpeg\"\n        >\n        <img loading=\"lazy\" decoding=\"async\"     \n                        \n                                        \n                                            \n                                        \n                                            \n                                        \n                                            \n                                        \n                                            \n                                        \n                                                                    \n                                        \n                                            \n                                                                            \n                        \n     class=\"u-w-full u-h-auto\" src=\"https:\/\/www.cqcd.org\/wp-content\/uploads\/2023\/12\/Planete-uniqlo.jpg\" alt width=\"480\" height=\"640\" fetchpriority=\"auto\" style=\"\"\n\/>\n\n    <\/picture>\n        <\/div>\n                    <div class=\"l-grid__block\">\n            <h2 target class=\"c-title    c-title--300\" style=\"--title-emphasis-color: var(--color-root-white);\">\n        Recyclage et don de v\u00eatements\n            <\/h2>\n\n                                        \n\n\n\n\n\n\n\n\n\n\n\n\n<div class=\"c-typography  u-mt-6 c-typography--paragraph-size\" style=\"--typography-paragraph-font-size: var(--font-size-180); --typography-max-width: 100%;\">\n    <p class=\"MsoNormal\">Parmi les exemples mis en avant, on trouve l&#8217;utilisation de polyester recycl\u00e9 issu de la transformation de millions de bouteilles en plastique usag\u00e9es. D&#8217;autre part, la marque recycle les v\u00eatements usag\u00e9s en duvet dans ses magasins \u00e0 travers le monde, pour les redistribu\u00e9s aux r\u00e9fugi\u00e9s et aux victimes de catastrophes naturelles \u00e0 travers le monde.<\/p>\n\n<\/div>\n        <\/div>\n    <\/main>\n                                <\/div>\n    <\/div>\n<\/section>\n\n\n    \n\n\n\n\n\n\n\n\n\n\n\n\n\n<section data-module='m03a' class=\"md:u-pt-fl m-content m-content--image-double   u-bg-[var(--module-background-color)] \" style=\"--module-background-color:var(--color-root-white); --pt-min-value:0; --pt-max-value:0;\">\n        <div class=\"l-container \" style=\"\" >\n        <div class=\"m-content__content u-pt-fl u-pb-fl u-px-fl u-text-[var(--module-text-color)]   \" style=\"--pt-min-value:7; --pt-max-value:10; --pb-min-value:7; --pb-max-value:10; --px-min-value:0; --px-max-value:0; \n                            \n         \n\n    \n    --module-text-color:var(--root-color); --module-subtitle-color:var(--root-color); --module-image-bg-pattern-color:var(--color-quaternary-500); --module-typography-ul-marker-color:var(--color-primary-500); --module-typography-link-color:var(--color-primary-500); --module-typography-link-hover-color:var(--color-primary-500); --module-legend-text-color:var(--color-primary-500);\n \">\n            \n                                            \n                \n\n\n\n\n\n\n\n\n\n\n\n\n<main class=\"l-grid   l-grid--2@md   u-items-center  u-justify-start u-gap-y-fl u-text-left\" style=\"--gap-y-min-value:5; --gap-y-max-value:7; --grid-gutter:    \n                \n                \n    clamp(1.5000rem, 1.2727rem + 0.60606060606061vw, 2.0000rem)\n;\">\n                    <div class=\"l-grid__block\">\n            <picture     \n                        \n                                        \n                                            \n                                                                            \n                        \n     class=\"c-image   c-image-has-bg-pattern c-image-has-bg-pattern--right\" style=\"--border-radius: 8; --radius: 0; --image-bg-pattern-offset-amount:9; --image-bg-pattern-mobile-offset-amount:4.5; --image-bg-pattern-color:var(--color-quaternary-500);\"\n>\n    \n    \n    \n            <source\n            media=\"(min-width: 900px)\"\n            srcset=\"https:\/\/www.cqcd.org\/wp-content\/uploads\/2023\/12\/blue-cycle-uniqlo.jpg\"\n            type=\"image\/jpeg\"\n        >\n            <source\n            media=\"(min-width: 800px)\"\n            srcset=\"https:\/\/www.cqcd.org\/wp-content\/uploads\/2023\/12\/blue-cycle-uniqlo-538x600.jpg\"\n            type=\"image\/jpeg\"\n        >\n            <source\n            media=\"(min-width: 400px)\"\n            srcset=\"https:\/\/www.cqcd.org\/wp-content\/uploads\/2023\/12\/blue-cycle-uniqlo-400x300.jpg\"\n            type=\"image\/jpeg\"\n        >\n        <img loading=\"lazy\" decoding=\"async\"     \n                        \n                                        \n                                            \n                                        \n                                            \n                                        \n                                            \n                                        \n                                            \n                                        \n                                                                    \n                                        \n                                            \n                                                                            \n                        \n     class=\"u-w-full u-h-auto\" src=\"https:\/\/www.cqcd.org\/wp-content\/uploads\/2023\/12\/blue-cycle-uniqlo.jpg\" alt width=\"538\" height=\"640\" fetchpriority=\"auto\" style=\"\"\n\/>\n\n    <\/picture>\n        <\/div>\n                    <div class=\"l-grid__block\">\n            <h2 target class=\"c-title    c-title--300\" style=\"--title-emphasis-color: var(--color-root-white);\">\n        Des jeans \u00e9coresponsables mettant l&#8217;accent sur la r\u00e9duction de l&#8217;utilisation de l&#8217;eau\n            <\/h2>\n\n                                        \n\n\n\n\n\n\n\n\n\n\n\n\n<div class=\"c-typography  u-mt-6 c-typography--paragraph-size\" style=\"--typography-paragraph-font-size: var(--font-size-180); --typography-max-width: 100%;\">\n    <p class=\"MsoNormal\">Uniqlo a instaur\u00e9 un proc\u00e9d\u00e9 novateur, baptis\u00e9 &#8220;Blue Cycle&#8221;, ouvrant la voie \u00e0 une production de jeans plus durable et \u00e9thique. Cette m\u00e9thode r\u00e9volutionnaire permet de r\u00e9duire l&#8217;utilisation d&#8217;eau dans la finition jusqu&#8217;\u00e0 99%, pr\u00e9servant ainsi la qualit\u00e9 des jeans tout en minimisant de mani\u00e8re significative la consommation d&#8217;eau intensive g\u00e9n\u00e9ralement associ\u00e9e \u00e0 la confection traditionnelle des jeans. En compl\u00e9ment, la marque adopte des pierres \u00e9cologiques et des technologies telles que l&#8217;ozone et les nano-bulles pour minimiser au maximum les quantit\u00e9s d&#8217;eau n\u00e9cessaires dans le processus de finition.<\/p>\n<p class=\"MsoNormal\">\u00a0Par ailleurs, Uniqlo s&#8217;engage \u00e0 traiter ces jeans avec des proc\u00e9d\u00e9s au laser pour leur conf\u00e9rer un aspect vieilli. Cette approche novatrice remplace avantageusement le sablage manuel, une t\u00e2che manuelle exigeante et p\u00e9nible.<\/p>\n\n<\/div>\n        <\/div>\n    <\/main>\n                                <\/div>\n    <\/div>\n<\/section>\n\n\n    \n\n\n\n\n\n\n\n\n\n\n\n\n\n<section data-module='m03a' class=\"md:u-pt-fl m-content m-content--image-double   u-bg-[var(--module-background-color)] \" style=\"--module-background-color:var(--color-root-white); --pt-min-value:0; --pt-max-value:0;\">\n        <div class=\"l-container \" style=\"\" >\n        <div class=\"m-content__content u-pt-fl u-pb-fl u-px-fl u-text-[var(--module-text-color)]   \" style=\"--pt-min-value:7; --pt-max-value:10; --pb-min-value:7; --pb-max-value:10; --px-min-value:0; --px-max-value:0; \n                            \n         \n\n    \n    --module-text-color:var(--root-color); --module-subtitle-color:var(--root-color); --module-image-bg-pattern-color:var(--color-quaternary-500); --module-typography-ul-marker-color:var(--color-primary-500); --module-typography-link-color:var(--color-primary-500); --module-typography-link-hover-color:var(--color-primary-500); --module-legend-text-color:var(--color-primary-500);\n \">\n            \n                                            \n                \n\n\n\n\n\n\n\n\n\n\n\n\n<main class=\"l-grid   l-grid--2@md   u-items-center  u-justify-start u-gap-y-fl u-text-left  md:u-flex-row-reverse\" style=\"--gap-y-min-value:5; --gap-y-max-value:7; --grid-gutter:    \n                \n                \n    clamp(1.5000rem, 1.2727rem + 0.60606060606061vw, 2.0000rem)\n;\">\n                    <div class=\"l-grid__block\">\n            <picture     \n                        \n                                        \n                                            \n                                                                            \n                        \n     class=\"c-image   c-image-has-bg-pattern c-image-has-bg-pattern--right\" style=\"--border-radius: 8; --radius: 0; --image-bg-pattern-offset-amount:9; --image-bg-pattern-mobile-offset-amount:4.5; --image-bg-pattern-color:var(--color-quaternary-500);\"\n>\n    \n    \n    \n            <source\n            media=\"(min-width: 900px)\"\n            srcset=\"https:\/\/www.cqcd.org\/wp-content\/uploads\/2023\/12\/ecoresponsable-uniqlo.jpg\"\n            type=\"image\/jpeg\"\n        >\n            <source\n            media=\"(min-width: 800px)\"\n            srcset=\"https:\/\/www.cqcd.org\/wp-content\/uploads\/2023\/12\/ecoresponsable-uniqlo-408x600.jpg\"\n            type=\"image\/jpeg\"\n        >\n            <source\n            media=\"(min-width: 400px)\"\n            srcset=\"https:\/\/www.cqcd.org\/wp-content\/uploads\/2023\/12\/ecoresponsable-uniqlo-400x300.jpg\"\n            type=\"image\/jpeg\"\n        >\n        <img loading=\"lazy\" decoding=\"async\"     \n                        \n                                        \n                                            \n                                        \n                                            \n                                        \n                                            \n                                        \n                                            \n                                        \n                                                                    \n                                        \n                                            \n                                                                            \n                        \n     class=\"u-w-full u-h-auto\" src=\"https:\/\/www.cqcd.org\/wp-content\/uploads\/2023\/12\/ecoresponsable-uniqlo.jpg\" alt width=\"408\" height=\"640\" fetchpriority=\"auto\" style=\"\"\n\/>\n\n    <\/picture>\n        <\/div>\n                    <div class=\"l-grid__block\">\n            <h2 target class=\"c-title    c-title--300\" style=\"--title-emphasis-color: var(--color-root-white);\">\n        L&#8217;engagement envers le bien-\u00eatre animal\n            <\/h2>\n\n                                        \n\n\n\n\n\n\n\n\n\n\n\n\n<div class=\"c-typography  u-mt-6 c-typography--paragraph-size\" style=\"--typography-paragraph-font-size: var(--font-size-180); --typography-max-width: 100%;\">\n    <p class=\"MsoNormal\">L&#8217;engagement envers le bien-\u00eatre animal est une autre facette essentielle de la philosophie de Uniqlo. La marque s\u00e9lectionne soigneusement des duvets et plumes uniquement issus de fermes engag\u00e9es dans le bien-\u00eatre animal. La certification RDS (Responsible Down Standard) attribu\u00e9e \u00e0 tous les partenaires de la cha\u00eene de production d\u00e9montre l&#8217;adh\u00e9sion rigoureuse \u00e0 des normes internationales visant \u00e0 prot\u00e9ger et am\u00e9liorer les conditions d&#8217;\u00e9levage des oies et des canards. Cette transparence sur l&#8217;origine et la qualit\u00e9 du duvet s&#8217;\u00e9tend \u00e0 toute la cha\u00eene de production et de consommation, mettant en avant l&#8217;engagement complet de Uniqlo envers la durabilit\u00e9 et le respect des normes \u00e9thiques.<\/p>\n\n<\/div>\n        <\/div>\n    <\/main>\n                                <\/div>\n    <\/div>\n<\/section>\n\n\n    \n\n\n\n\n\n\n\n\n\n\n\n\n\n<section data-module='m03a' class=\"md:u-pt-fl m-content m-content--image-double   u-bg-[var(--module-background-color)] \" style=\"--module-background-color:var(--color-root-white); --pt-min-value:0; --pt-max-value:0;\">\n        <div class=\"l-container \" style=\"\" >\n        <div class=\"m-content__content u-pt-fl u-pb-fl u-px-fl u-text-[var(--module-text-color)]   \" style=\"--pt-min-value:7; --pt-max-value:10; --pb-min-value:7; --pb-max-value:10; --px-min-value:0; --px-max-value:0; \n                            \n         \n\n    \n    --module-text-color:var(--root-color); --module-subtitle-color:var(--root-color); --module-image-bg-pattern-color:var(--color-quaternary-500); --module-typography-ul-marker-color:var(--color-primary-500); --module-typography-link-color:var(--color-primary-500); --module-typography-link-hover-color:var(--color-primary-500); --module-legend-text-color:var(--color-primary-500);\n \">\n            \n                                            \n                \n\n\n\n\n\n\n\n\n\n\n\n\n<main class=\"l-grid   l-grid--2@md   u-items-center  u-justify-start u-gap-y-fl u-text-left\" style=\"--gap-y-min-value:5; --gap-y-max-value:7; --grid-gutter:    \n                \n                \n    clamp(1.5000rem, 1.2727rem + 0.60606060606061vw, 2.0000rem)\n;\">\n                    <div class=\"l-grid__block\">\n            <picture     \n                        \n                                        \n                                            \n                                                                            \n                        \n     class=\"c-image   c-image-has-bg-pattern c-image-has-bg-pattern--right\" style=\"--border-radius: 8; --radius: 0; --image-bg-pattern-offset-amount:9; --image-bg-pattern-mobile-offset-amount:4.5; --image-bg-pattern-color:var(--color-quaternary-500);\"\n>\n    \n    \n    \n            <source\n            media=\"(min-width: 900px)\"\n            srcset=\"https:\/\/www.cqcd.org\/wp-content\/uploads\/2023\/12\/paix-uniqlo.jpg\"\n            type=\"image\/jpeg\"\n        >\n            <source\n            media=\"(min-width: 800px)\"\n            srcset=\"https:\/\/www.cqcd.org\/wp-content\/uploads\/2023\/12\/paix-uniqlo-480x600.jpg\"\n            type=\"image\/jpeg\"\n        >\n            <source\n            media=\"(min-width: 400px)\"\n            srcset=\"https:\/\/www.cqcd.org\/wp-content\/uploads\/2023\/12\/paix-uniqlo-400x300.jpg\"\n            type=\"image\/jpeg\"\n        >\n        <img loading=\"lazy\" decoding=\"async\"     \n                        \n                                        \n                                            \n                                        \n                                            \n                                        \n                                            \n                                        \n                                            \n                                        \n                                                                    \n                                        \n                                            \n                                                                            \n                        \n     class=\"u-w-full u-h-auto\" src=\"https:\/\/www.cqcd.org\/wp-content\/uploads\/2023\/12\/paix-uniqlo.jpg\" alt width=\"480\" height=\"640\" fetchpriority=\"auto\" style=\"\"\n\/>\n\n    <\/picture>\n        <\/div>\n                    <div class=\"l-grid__block\">\n            <h2 target class=\"c-title    c-title--300\" style=\"--title-emphasis-color: var(--color-root-white);\">\n        Le projet &#8220;Peace for all&#8221;\n            <\/h2>\n\n                                        \n\n\n\n\n\n\n\n\n\n\n\n\n<div class=\"c-typography  u-mt-6 c-typography--paragraph-size\" style=\"--typography-paragraph-font-size: var(--font-size-180); --typography-max-width: 100%;\">\n    <p class=\"MsoNormal\">\u00c0 c\u00f4t\u00e9 de la section consacr\u00e9e aux actions en mati\u00e8re de d\u00e9veloppement durable, la marque consacre un vaste espace d&#8217;exposition \u00e0 ses t-shirts du projet &#8220;Peace for all&#8221;. Celui-ci repose sur des collaborations avec des artistes et des cr\u00e9atifs du monde entier pour cr\u00e9er des t-shirts portant un message de paix. Tous les b\u00e9n\u00e9fices issus de la vente de ces t-shirts sont revers\u00e9s \u00e0 des organisations internationales soutenant les victimes de violence, de discrimination, de conflits arm\u00e9s et de pauvret\u00e9.<\/p>\n\n<\/div>\n        <\/div>\n    <\/main>\n                                <\/div>\n    <\/div>\n<\/section>\n\n\n    \n\n\n\n\n\n\n\n\n\n\n\n\n\n<section data-module='m03a' class=\"md:u-pt-fl m-content m-content--image-double   u-bg-[var(--module-background-color)] \" style=\"--module-background-color:var(--color-secondary-100); --pt-min-value:0; --pt-max-value:0;\">\n        <div class=\"l-container \" style=\"\" >\n        <div class=\"m-content__content u-pt-fl u-pb-fl u-px-fl u-text-[var(--module-text-color)]   \" style=\"--pt-min-value:7; --pt-max-value:10; --pb-min-value:7; --pb-max-value:10; --px-min-value:0; --px-max-value:0; \n                            \n                   \n\n\n     \n\n    \n    --module-text-color:var(--root-color); --module-subtitle-color:var(--root-color); --module-image-bg-pattern-color:var(--color-secondary-500); --module-typography-ul-marker-color:var(--color-primary-500); --module-typography-link-color:var(--color-primary-500); --module-typography-link-hover-color:var(--color-primary-500); --module-legend-text-color:var(--color-primary-500);\n \">\n            \n                                            \n                \n\n\n\n\n\n\n\n\n\n\n\n\n<main class=\"l-grid   l-grid--2@md   u-items-center  u-justify-start u-gap-y-fl u-text-left  md:u-flex-row-reverse\" style=\"--gap-y-min-value:5; --gap-y-max-value:7; --grid-gutter:    \n                \n                \n    clamp(1.5000rem, 1.2727rem + 0.60606060606061vw, 2.0000rem)\n;\">\n                    <div class=\"l-grid__block\">\n            <picture     \n                        \n                                        \n                                            \n                                                                            \n                        \n     class=\"c-image   c-image-has-bg-pattern c-image-has-bg-pattern--right\" style=\"--border-radius: 8; --radius: 0; --image-bg-pattern-offset-amount:9; --image-bg-pattern-mobile-offset-amount:4.5; --image-bg-pattern-color:var(--color-quaternary-500);\"\n>\n    \n    \n    \n            <source\n            media=\"(min-width: 900px)\"\n            srcset=\"https:\/\/www.cqcd.org\/wp-content\/uploads\/2023\/12\/Doraemon.jpg\"\n            type=\"image\/jpeg\"\n        >\n            <source\n            media=\"(min-width: 800px)\"\n            srcset=\"https:\/\/www.cqcd.org\/wp-content\/uploads\/2023\/12\/Doraemon.jpg\"\n            type=\"image\/jpeg\"\n        >\n            <source\n            media=\"(min-width: 400px)\"\n            srcset=\"https:\/\/www.cqcd.org\/wp-content\/uploads\/2023\/12\/Doraemon-400x300.jpg\"\n            type=\"image\/jpeg\"\n        >\n        <img loading=\"lazy\" decoding=\"async\"     \n                        \n                                        \n                                            \n                                        \n                                            \n                                        \n                                            \n                                        \n                                            \n                                        \n                                                                    \n                                        \n                                            \n                                                                            \n                        \n     class=\"u-w-full u-h-auto\" src=\"https:\/\/www.cqcd.org\/wp-content\/uploads\/2023\/12\/Doraemon.jpg\" alt width=\"450\" height=\"600\" fetchpriority=\"auto\" style=\"\"\n\/>\n\n    <\/picture>\n        <\/div>\n                    <div class=\"l-grid__block\">\n            <div class=\"c-subtitle u-text-[var(--module-subtitle-color)] u-mb-4 u-text-140 u-font-semibold u-font-secondary\" >\n        L&#8217;ambassadeur en d\u00e9veloppement durable d&#8217;Uniqlo\n    <\/div>\n\n    <h2 target class=\"c-title    c-title--300\" style=\"--title-emphasis-color: var(--color-root-white);\">\n        L&#8217;histoire de Doraemon\n            <\/h2>\n\n                                        \n\n\n\n\n\n\n\n\n\n\n\n\n<div class=\"c-typography  u-mt-6 c-typography--paragraph-size\" style=\"--typography-paragraph-font-size: var(--font-size-180); --typography-max-width: 100%;\">\n    <p class=\"MsoNormal\">La marque a choisi Doraemon, le chat-robot venu du futur, personnage de manga et d&#8217;anime japonais populaire depuis plus de 50 ans, comme embl\u00e8me et ambassadeur de ses initiatives en mati\u00e8re de d\u00e9veloppement durable. Toujours gentil et pr\u00eat \u00e0 aider, ce personnage sort toutes sortes de gadgets secrets de sa poche de la quatri\u00e8me dimension pour r\u00e9soudre des probl\u00e8mes tout au long de ses nombreuses p\u00e9rip\u00e9ties.<\/p>\n<p class=\"MsoNormal\">Dans le cadre de sa collaboration avec Uniqlo, celui-ci a troqu\u00e9 sa couleur traditionnelle bleue pour le vert, symbolisant une orientation vers un futur plus \u00e9cologique. Uniqlo utilise le personnage pour illustrer comment des pratiques durables peuvent contribuer \u00e0 un avenir meilleur pour tous.<\/p>\n\n<\/div>\n        <\/div>\n    <\/main>\n                                <\/div>\n    <\/div>\n<\/section>\n\n\n    \n\n\n\n\n\n\n\n\n\n\n\n\n\n<section data-module='m03a' class=\"md:u-pt-fl m-content m-content--image-double   u-bg-[var(--module-background-color)] \" style=\"--module-background-color:var(--color-quaternary-500); --pt-min-value:0; --pt-max-value:0;\">\n        <div class=\"l-container \" style=\"\" >\n        <div class=\"m-content__content u-pt-fl u-pb-fl u-px-fl u-text-[var(--module-text-color)]   \" style=\"--pt-min-value:7; --pt-max-value:10; --pb-min-value:7; --pb-max-value:10; --px-min-value:0; --px-max-value:0; \n                            \n                                                                \n         \n\n    \n    --module-text-color:var(--color-root-white); --module-subtitle-color:var(--color-secondary-300); --module-image-bg-pattern-color:var(--color-primary-500); --module-typography-ul-marker-color:var(--color-secondary-500); --module-typography-link-color:var(--color-root-white); --module-typography-link-hover-color:var(--color-secondary-300); --module-legend-text-color:var(--color-root-white);\n \">\n            \n                                            \n                \n\n\n\n\n\n\n\n\n\n\n\n\n<main class=\"l-grid   l-grid--2@md   u-items-center  u-justify-start u-gap-y-fl u-text-left\" style=\"--gap-y-min-value:5; --gap-y-max-value:7; --grid-gutter:    \n                \n                \n    clamp(1.5000rem, 1.2727rem + 0.60606060606061vw, 2.0000rem)\n;\">\n                    <div class=\"l-grid__block\">\n            <picture     \n                        \n                                        \n                                            \n                                                                            \n                        \n     class=\"c-image   c-image-has-bg-pattern c-image-has-bg-pattern--right\" style=\"--border-radius: 8; --radius: 0; --image-bg-pattern-offset-amount:9; --image-bg-pattern-mobile-offset-amount:4.5; --image-bg-pattern-color:var(--color-quaternary-500);\"\n>\n    \n    \n    \n            <source\n            media=\"(min-width: 900px)\"\n            srcset=\"https:\/\/www.cqcd.org\/wp-content\/uploads\/2023\/12\/Uniqlo-CQCD.jpg.webp\"\n            type=\"\"\n        >\n            <source\n            media=\"(min-width: 800px)\"\n            srcset=\"https:\/\/www.cqcd.org\/wp-content\/uploads\/2023\/12\/Uniqlo-CQCD.jpg.webp\"\n            type=\"\"\n        >\n            <source\n            media=\"(min-width: 400px)\"\n            srcset=\"https:\/\/www.cqcd.org\/wp-content\/uploads\/2023\/12\/Uniqlo-CQCD.jpg-400x300.webp\"\n            type=\"\"\n        >\n        <img loading=\"lazy\" decoding=\"async\"     \n                        \n                                        \n                                            \n                                        \n                                            \n                                        \n                                            \n                                        \n                                            \n                                        \n                                                                    \n                                        \n                                            \n                                                                            \n                        \n     class=\"u-w-full u-h-auto\" src=\"https:\/\/www.cqcd.org\/wp-content\/uploads\/2023\/12\/Uniqlo-CQCD.jpg.webp\" alt width=\"480\" height=\"338\" fetchpriority=\"auto\" style=\"\"\n\/>\n\n    <\/picture>\n        <\/div>\n                    <div class=\"l-grid__block\">\n            <div class=\"c-typography  u-mt-6 c-typography--paragraph-size\" style=\"--typography-paragraph-font-size: var(--font-size-180); --typography-max-width: 100%;\">\n    <p class=\"MsoNormal\">Nous tenons \u00e0 remercier toute l&#8217;\u00e9quipe du magasin Uniqlo du Centre Eaton de Montr\u00e9al pour sa disponibilit\u00e9 et son implication lors de notre visite!<\/p>\n\n<\/div>\n                                        \n\n\n\n\n\n\n\n\n\n\n\n            \n<div class=\"c-actions u-mt-fl\" style=\"--mt-min-value: 4; --mt-max-value: 7; --actions-gap: calc(var(--root-baseline) * 3); --actions-mobile-gap: calc(var(--root-baseline) * 3); --actions-nb: 1;\">\n        <div class=\"c-actions__wrapper  u-flex-row u-items-center u-justify-start\">\n                    \n                \n                                \n                \n                \n\n\n\n\n    \n\n\n\n\n<a href=\"https:\/\/www.cqcd.org\/devenir-membre\/\" target=\"_self\" class=\"c-btn c-btn--primary-500  c-btn--reversed    c-btn--fade\">\n                    <span>Devenez membre d\u00e8s aujourd&#8217;hui afin de participer \u00e0 notre prochaine visite de magasin!<\/span>\n                <\/a>\n                        <\/div>\n<\/div>\n        <\/div>\n    <\/main>\n                                <\/div>\n    <\/div>\n<\/section>\n","protected":false},"excerpt":{"rendered":"","protected":false},"featured_media":2984,"template":"","article_category":[102,104,109],"class_list":["post-3050","blog_article","type-blog_article","status-publish","has-post-thumbnail","hentry","article_category-retail-en","article_category-member-news","article_category-sustainable-development-and-ecological-transition"],"acf":[],"yoast_head":"<!-- This site is optimized with the Yoast SEO plugin v27.2 - https:\/\/yoast.com\/product\/yoast-seo-wordpress\/ -->\n<title>Behind the scenes at Uniqlo: a recap of our store visit - Conseil qu\u00e9b\u00e9cois du commerce de d\u00e9tail<\/title>\n<meta name=\"description\" content=\"Explorez les moments forts de notre r\u00e9cente visite dans le magasin Uniqlo du Centre Eaton de Montr\u00e9al!\" \/>\n<meta name=\"robots\" content=\"index, follow, max-snippet:-1, max-image-preview:large, max-video-preview:-1\" \/>\n<link rel=\"canonical\" href=\"https:\/\/www.cqcd.org\/en\/blog\/behind-the-scenes-at-uniqlo-a-recap-of-our-store-visit\/\" \/>\n<meta property=\"og:locale\" content=\"en_US\" \/>\n<meta property=\"og:type\" content=\"article\" \/>\n<meta property=\"og:title\" content=\"Behind the scenes at Uniqlo: a recap of our store visit - Conseil qu\u00e9b\u00e9cois du commerce de d\u00e9tail\" \/>\n<meta property=\"og:description\" content=\"Explorez les moments forts de notre r\u00e9cente visite dans le magasin Uniqlo du Centre Eaton de Montr\u00e9al!\" \/>\n<meta property=\"og:url\" content=\"https:\/\/www.cqcd.org\/en\/blog\/behind-the-scenes-at-uniqlo-a-recap-of-our-store-visit\/\" \/>\n<meta property=\"og:site_name\" content=\"Conseil qu\u00e9b\u00e9cois du commerce de d\u00e9tail\" \/>\n<meta property=\"article:modified_time\" content=\"2024-07-15T16:35:30+00:00\" \/>\n<meta property=\"og:image\" content=\"https:\/\/www.cqcd.org\/wp-content\/uploads\/2023\/12\/Uniqlo-Visite-Magasin.jpg\" \/>\n\t<meta property=\"og:image:width\" content=\"1746\" \/>\n\t<meta property=\"og:image:height\" content=\"1114\" \/>\n\t<meta property=\"og:image:type\" content=\"image\/jpeg\" \/>\n<meta name=\"twitter:card\" content=\"summary_large_image\" \/>\n<meta name=\"twitter:label1\" content=\"Est. reading time\" \/>\n\t<meta name=\"twitter:data1\" content=\"1 minute\" \/>\n<script type=\"application\/ld+json\" class=\"yoast-schema-graph\">{\"@context\":\"https:\/\/schema.org\",\"@graph\":[{\"@type\":\"WebPage\",\"@id\":\"https:\/\/www.cqcd.org\/en\/blog\/behind-the-scenes-at-uniqlo-a-recap-of-our-store-visit\/\",\"url\":\"https:\/\/www.cqcd.org\/en\/blog\/behind-the-scenes-at-uniqlo-a-recap-of-our-store-visit\/\",\"name\":\"Behind the scenes at Uniqlo: a recap of our store visit - Conseil qu\u00e9b\u00e9cois du commerce de d\u00e9tail\",\"isPartOf\":{\"@id\":\"https:\/\/www.cqcd.org\/en\/#website\"},\"primaryImageOfPage\":{\"@id\":\"https:\/\/www.cqcd.org\/en\/blog\/behind-the-scenes-at-uniqlo-a-recap-of-our-store-visit\/#primaryimage\"},\"image\":{\"@id\":\"https:\/\/www.cqcd.org\/en\/blog\/behind-the-scenes-at-uniqlo-a-recap-of-our-store-visit\/#primaryimage\"},\"thumbnailUrl\":\"https:\/\/www.cqcd.org\/wp-content\/uploads\/2023\/12\/Uniqlo-Visite.jpg\",\"datePublished\":\"2023-12-12T21:46:00+00:00\",\"dateModified\":\"2024-07-15T16:35:30+00:00\",\"description\":\"Explorez les moments forts de notre r\u00e9cente visite dans le magasin Uniqlo du Centre Eaton de Montr\u00e9al!\",\"breadcrumb\":{\"@id\":\"https:\/\/www.cqcd.org\/en\/blog\/behind-the-scenes-at-uniqlo-a-recap-of-our-store-visit\/#breadcrumb\"},\"inLanguage\":\"en-US\",\"potentialAction\":[{\"@type\":\"ReadAction\",\"target\":[\"https:\/\/www.cqcd.org\/en\/blog\/behind-the-scenes-at-uniqlo-a-recap-of-our-store-visit\/\"]}]},{\"@type\":\"ImageObject\",\"inLanguage\":\"en-US\",\"@id\":\"https:\/\/www.cqcd.org\/en\/blog\/behind-the-scenes-at-uniqlo-a-recap-of-our-store-visit\/#primaryimage\",\"url\":\"https:\/\/www.cqcd.org\/wp-content\/uploads\/2023\/12\/Uniqlo-Visite.jpg\",\"contentUrl\":\"https:\/\/www.cqcd.org\/wp-content\/uploads\/2023\/12\/Uniqlo-Visite.jpg\",\"width\":437,\"height\":322,\"caption\":\"Uniqlo - Visite de magasin\"},{\"@type\":\"BreadcrumbList\",\"@id\":\"https:\/\/www.cqcd.org\/en\/blog\/behind-the-scenes-at-uniqlo-a-recap-of-our-store-visit\/#breadcrumb\",\"itemListElement\":[{\"@type\":\"ListItem\",\"position\":1,\"name\":\"Accueil\",\"item\":\"https:\/\/www.cqcd.org\/en\/\"},{\"@type\":\"ListItem\",\"position\":2,\"name\":\"Behind the scenes at Uniqlo: a recap of our store visit\"}]},{\"@type\":\"WebSite\",\"@id\":\"https:\/\/www.cqcd.org\/en\/#website\",\"url\":\"https:\/\/www.cqcd.org\/en\/\",\"name\":\"Conseil qu\u00e9b\u00e9cois du commerce de d\u00e9tail\",\"description\":\"\",\"potentialAction\":[{\"@type\":\"SearchAction\",\"target\":{\"@type\":\"EntryPoint\",\"urlTemplate\":\"https:\/\/www.cqcd.org\/en\/?s={search_term_string}\"},\"query-input\":{\"@type\":\"PropertyValueSpecification\",\"valueRequired\":true,\"valueName\":\"search_term_string\"}}],\"inLanguage\":\"en-US\"}]}<\/script>\n<!-- \/ Yoast SEO plugin. -->","yoast_head_json":{"title":"Behind the scenes at Uniqlo: a recap of our store visit - Conseil qu\u00e9b\u00e9cois du commerce de d\u00e9tail","description":"Explorez les moments forts de notre r\u00e9cente visite dans le magasin Uniqlo du Centre Eaton de Montr\u00e9al!","robots":{"index":"index","follow":"follow","max-snippet":"max-snippet:-1","max-image-preview":"max-image-preview:large","max-video-preview":"max-video-preview:-1"},"canonical":"https:\/\/www.cqcd.org\/en\/blog\/behind-the-scenes-at-uniqlo-a-recap-of-our-store-visit\/","og_locale":"en_US","og_type":"article","og_title":"Behind the scenes at Uniqlo: a recap of our store visit - Conseil qu\u00e9b\u00e9cois du commerce de d\u00e9tail","og_description":"Explorez les moments forts de notre r\u00e9cente visite dans le magasin Uniqlo du Centre Eaton de Montr\u00e9al!","og_url":"https:\/\/www.cqcd.org\/en\/blog\/behind-the-scenes-at-uniqlo-a-recap-of-our-store-visit\/","og_site_name":"Conseil qu\u00e9b\u00e9cois du commerce de d\u00e9tail","article_modified_time":"2024-07-15T16:35:30+00:00","og_image":[{"width":1746,"height":1114,"url":"https:\/\/www.cqcd.org\/wp-content\/uploads\/2023\/12\/Uniqlo-Visite-Magasin.jpg","type":"image\/jpeg"}],"twitter_card":"summary_large_image","twitter_misc":{"Est. reading time":"1 minute"},"schema":{"@context":"https:\/\/schema.org","@graph":[{"@type":"WebPage","@id":"https:\/\/www.cqcd.org\/en\/blog\/behind-the-scenes-at-uniqlo-a-recap-of-our-store-visit\/","url":"https:\/\/www.cqcd.org\/en\/blog\/behind-the-scenes-at-uniqlo-a-recap-of-our-store-visit\/","name":"Behind the scenes at Uniqlo: a recap of our store visit - Conseil qu\u00e9b\u00e9cois du commerce de d\u00e9tail","isPartOf":{"@id":"https:\/\/www.cqcd.org\/en\/#website"},"primaryImageOfPage":{"@id":"https:\/\/www.cqcd.org\/en\/blog\/behind-the-scenes-at-uniqlo-a-recap-of-our-store-visit\/#primaryimage"},"image":{"@id":"https:\/\/www.cqcd.org\/en\/blog\/behind-the-scenes-at-uniqlo-a-recap-of-our-store-visit\/#primaryimage"},"thumbnailUrl":"https:\/\/www.cqcd.org\/wp-content\/uploads\/2023\/12\/Uniqlo-Visite.jpg","datePublished":"2023-12-12T21:46:00+00:00","dateModified":"2024-07-15T16:35:30+00:00","description":"Explorez les moments forts de notre r\u00e9cente visite dans le magasin Uniqlo du Centre Eaton de Montr\u00e9al!","breadcrumb":{"@id":"https:\/\/www.cqcd.org\/en\/blog\/behind-the-scenes-at-uniqlo-a-recap-of-our-store-visit\/#breadcrumb"},"inLanguage":"en-US","potentialAction":[{"@type":"ReadAction","target":["https:\/\/www.cqcd.org\/en\/blog\/behind-the-scenes-at-uniqlo-a-recap-of-our-store-visit\/"]}]},{"@type":"ImageObject","inLanguage":"en-US","@id":"https:\/\/www.cqcd.org\/en\/blog\/behind-the-scenes-at-uniqlo-a-recap-of-our-store-visit\/#primaryimage","url":"https:\/\/www.cqcd.org\/wp-content\/uploads\/2023\/12\/Uniqlo-Visite.jpg","contentUrl":"https:\/\/www.cqcd.org\/wp-content\/uploads\/2023\/12\/Uniqlo-Visite.jpg","width":437,"height":322,"caption":"Uniqlo - Visite de magasin"},{"@type":"BreadcrumbList","@id":"https:\/\/www.cqcd.org\/en\/blog\/behind-the-scenes-at-uniqlo-a-recap-of-our-store-visit\/#breadcrumb","itemListElement":[{"@type":"ListItem","position":1,"name":"Accueil","item":"https:\/\/www.cqcd.org\/en\/"},{"@type":"ListItem","position":2,"name":"Behind the scenes at Uniqlo: a recap of our store visit"}]},{"@type":"WebSite","@id":"https:\/\/www.cqcd.org\/en\/#website","url":"https:\/\/www.cqcd.org\/en\/","name":"Conseil qu\u00e9b\u00e9cois du commerce de d\u00e9tail","description":"","potentialAction":[{"@type":"SearchAction","target":{"@type":"EntryPoint","urlTemplate":"https:\/\/www.cqcd.org\/en\/?s={search_term_string}"},"query-input":{"@type":"PropertyValueSpecification","valueRequired":true,"valueName":"search_term_string"}}],"inLanguage":"en-US"}]}},"_links":{"self":[{"href":"https:\/\/www.cqcd.org\/en\/wp-json\/wp\/v2\/blog_article\/3050","targetHints":{"allow":["GET"]}}],"collection":[{"href":"https:\/\/www.cqcd.org\/en\/wp-json\/wp\/v2\/blog_article"}],"about":[{"href":"https:\/\/www.cqcd.org\/en\/wp-json\/wp\/v2\/types\/blog_article"}],"wp:featuredmedia":[{"embeddable":true,"href":"https:\/\/www.cqcd.org\/en\/wp-json\/wp\/v2\/media\/2984"}],"wp:attachment":[{"href":"https:\/\/www.cqcd.org\/en\/wp-json\/wp\/v2\/media?parent=3050"}],"wp:term":[{"taxonomy":"article_category","embeddable":true,"href":"https:\/\/www.cqcd.org\/en\/wp-json\/wp\/v2\/article_category?post=3050"}],"curies":[{"name":"wp","href":"https:\/\/api.w.org\/{rel}","templated":true}]}}