{"id":3124,"date":"2023-10-20T13:07:54","date_gmt":"2023-10-20T17:07:54","guid":{"rendered":"https:\/\/www.cqcd.org\/blogue\/air-canada-cargo-et-spring-nouveaux-transporteurs-sur-envoi-quebec\/"},"modified":"2024-07-17T10:35:01","modified_gmt":"2024-07-17T14:35:01","slug":"air-canada-cargo-et-spring-the-latest-carriers-to-join-envoi-quebec","status":"publish","type":"blog_article","link":"https:\/\/www.cqcd.org\/en\/blog\/air-canada-cargo-et-spring-the-latest-carriers-to-join-envoi-quebec\/","title":{"rendered":"Air Canada Cargo &amp; Spring GDS: The Latest Carriers to Join Envoi Qu\u00e9bec"},"content":{"rendered":"    \n\n\n\n\n\n\n\n\n\n\n\n\n\n<section data-module='m03a' class=\"md:u-pt-fl m-content m-content--image-double    \" style=\"--container-width: 1200px; --module-background-color:var(--color-root-white); --pt-min-value:0; --pt-max-value:0;\">\n        <div class=\"l-container \" style=\"\" >\n        <div class=\"m-content__content u-pt-fl u-pb-fl u-px-fl u-text-[var(--module-text-color)] u-bg-[var(--module-background-color)]  \" style=\"--pt-min-value:7; --pt-max-value:10; --pb-min-value:7; --pb-max-value:10; --px-min-value:0; --px-max-value:0; \n                            \n         \n\n    \n    --module-text-color:var(--root-color); --module-subtitle-color:var(--root-color); --module-image-bg-pattern-color:var(--color-quaternary-500); --module-typography-ul-marker-color:var(--color-primary-500); --module-typography-link-color:var(--color-primary-500); --module-typography-link-hover-color:var(--color-primary-500); --module-legend-text-color:var(--color-primary-500);\n \">\n            \n                                            \n                \n\n\n\n\n\n\n\n\n\n\n\n\n<main class=\"l-grid      u-items-start  u-justify-start u-gap-y-fl u-text-left\" style=\"--gap-y-min-value:5; --gap-y-max-value:7; --grid-gutter:    \n                \n                \n    clamp(1.5000rem, 1.5000rem + 0vw, 1.5000rem)\n;\">\n                    <div class=\"l-grid__block\">\n            <div class=\"c-typography  c-typography--paragraph-size\" style=\"--typography-paragraph-font-size: var(--font-size-180); --typography-max-width: 100%;\">\n    <p>Nous comptons parmi nos partenaires\u00a0<strong>Air Canada Cargo<\/strong>\u00a0et\u00a0<strong>Spring Global Delivery Solutions<\/strong>\u00a0qui s\u2019ouvrent d\u00e8s \u00e0 pr\u00e9sent sur les march\u00e9s aux Etats-Unis et en Europe, \u00e0 des prix tr\u00e8s comp\u00e9titifs. Notre objectif est d\u2019offrir des tarifs toujours plus comp\u00e9titifs aux d\u00e9taillants. Avec ces transporteurs, nous proposons une offre sp\u00e9cifiquement pour les grands d\u00e9taillants.<\/p>\n\n<\/div>\n                                        \n\n\n\n\n\n\n\n\n\n\n\n            \n<div class=\"c-actions u-mt-10\" style=\"--actions-gap: calc(var(--root-baseline) * 3); --actions-mobile-gap: calc(var(--root-baseline) * 3); --actions-nb: 0;\">\n        <div class=\"c-actions__wrapper  u-flex-row u-items-center u-justify-start\">\n            <\/div>\n<\/div>\n        <\/div>\n    <\/main>\n                                <\/div>\n    <\/div>\n<\/section>\n\n\n    \n\n\n\n\n\n\n\n\n\n\n\n\n\n<section data-module='m03a' class=\"md:u-pt-fl m-content m-content--image-double   u-bg-[var(--module-background-color)] \" style=\"--module-background-color:var(--color-primary-50); --pt-min-value:0; --pt-max-value:0;\">\n        <div class=\"l-container \" style=\"\" >\n        <div class=\"m-content__content u-pt-fl u-pb-fl u-px-fl u-text-[var(--module-text-color)]   \" style=\"--pt-min-value:7; --pt-max-value:10; --pb-min-value:7; --pb-max-value:10; --px-min-value:0; --px-max-value:0; \n                            \n         \n\n    \n    --module-text-color:var(--root-color); --module-subtitle-color:var(--root-color); --module-image-bg-pattern-color:var(--color-quaternary-500); --module-typography-ul-marker-color:var(--color-primary-500); --module-typography-link-color:var(--color-primary-500); --module-typography-link-hover-color:var(--color-primary-500); --module-legend-text-color:var(--color-primary-500);\n \">\n            \n                                            \n                \n\n\n\n\n\n\n\n\n\n\n\n\n<main class=\"l-grid   l-grid--2@md   u-items-center  u-justify-start u-gap-y-fl u-text-left  md:u-flex-row-reverse\" style=\"--gap-y-min-value:5; --gap-y-max-value:7; --grid-gutter:    \n                \n                \n    clamp(1.5000rem, 1.2727rem + 0.60606060606061vw, 2.0000rem)\n;\">\n                    <div class=\"l-grid__block\">\n            <picture     \n                        \n                                        \n                                            \n                                                                            \n                        \n     class=\"c-image   c-image-has-bg-pattern c-image-has-bg-pattern--right\" style=\"--border-radius: 8; --radius: 0; --image-bg-pattern-offset-amount:9; --image-bg-pattern-mobile-offset-amount:4.5; --image-bg-pattern-color:var(--color-quaternary-500);\"\n>\n    \n    \n    \n            <source\n            media=\"(min-width: 900px)\"\n            srcset=\"https:\/\/www.cqcd.org\/wp-content\/uploads\/2023\/10\/air-canada-600x399-1.webp\"\n            type=\"\"\n        >\n            <source\n            media=\"(min-width: 800px)\"\n            srcset=\"https:\/\/www.cqcd.org\/wp-content\/uploads\/2023\/10\/air-canada-600x399-1.webp\"\n            type=\"\"\n        >\n            <source\n            media=\"(min-width: 400px)\"\n            srcset=\"https:\/\/www.cqcd.org\/wp-content\/uploads\/2023\/10\/air-canada-600x399-1-400x300.webp\"\n            type=\"\"\n        >\n        <img loading=\"lazy\" decoding=\"async\"     \n                        \n                                        \n                                            \n                                        \n                                            \n                                        \n                                            \n                                        \n                                            \n                                        \n                                                                    \n                                        \n                                            \n                                                                            \n                        \n     class=\"u-w-full u-h-auto\" src=\"https:\/\/www.cqcd.org\/wp-content\/uploads\/2023\/10\/air-canada-600x399-1.webp\" alt width=\"600\" height=\"399\" fetchpriority=\"auto\" style=\"\"\n\/>\n\n    <\/picture>\n        <\/div>\n                    <div class=\"l-grid__block\">\n            <h2 target class=\"c-title    c-title--300\" style=\"--title-emphasis-color: var(--color-root-white);\">\n        \u00c0 propos d\u2019Air Canada Cargo\n            <\/h2>\n\n                                        \n\n\n\n\n\n\n\n\n\n\n\n\n<div class=\"c-typography  u-mt-6 c-typography--paragraph-size\" style=\"--typography-paragraph-font-size: var(--font-size-180); --typography-max-width: 100%;\">\n    <p>Il s\u2019agit du plus important fournisseur de fret a\u00e9rien au Canada, selon la capacit\u00e9 de fret, avec une pr\u00e9sence dans plus de 50 pays et des plaques tournantes autog\u00e9r\u00e9es. Air Canada Cargo offre une ouverture vers le Canada d\u2019Est en Ouest avec des \u00e9conomies moyennes de 50 % comparativement \u00e0 d\u2019autres fournisseurs.<\/p>\n<p>Air Canada Cargo est un prestataire de services de transport a\u00e9rien de fret qui a re\u00e7u de nombreux prix pour son excellence. Cette position est renforc\u00e9e par ses propres ressources strat\u00e9giquement situ\u00e9es \u00e0 Montr\u00e9al, Toronto, Vancouver, Chicago, Londres et Francfort.<\/p>\n<p>Gr\u00e2ce \u00e0 son r\u00e9seau mondial, Air Canada Cargo dessert plus de 450 destinations r\u00e9parties sur six continents. Ils offrent des vols directs vers ces destinations et facilitent \u00e9galement des centaines d\u2019autres itin\u00e9raires gr\u00e2ce \u00e0 des partenariats interlignes et des services de camionnage.<\/p>\n<p>En r\u00e9sum\u00e9, Air Canada Cargo est un acteur majeur de l\u2019industrie du fret a\u00e9rien au Canada, offrant des solutions de transport de fret fiables et \u00e9tendues \u00e0 travers le monde pour r\u00e9pondre aux besoins de ses clients.<\/p>\n<p>En tant que branche sp\u00e9cialis\u00e9e dans le fret a\u00e9rien d\u2019Air Canada, Air Canada Cargo offre une capacit\u00e9 de transport de fret et une connectivit\u00e9 fiable desservant des centaines de destinations sur six continents. Cette division utilise les vols de passagers des lignes int\u00e9rieures et internationales d\u2019Air Canada, ainsi que des vols tout-cargo et des services de camionnage.<\/p>\n<p>La croissance de la flotte d\u2019avions cargo d\u2019Air Canada illustre son engagement envers ses services et son objectif de rester en t\u00eate de l\u2019industrie a\u00e9rienne. En int\u00e9grant les avions cargo 767 de Boeing \u00e0 sa flotte, qui sont d\u00e9j\u00e0 en service, et en pr\u00e9voyant la livraison de deux avions cargo 777 de Boeing en 2024, Air Canada Cargo maintient sa d\u00e9termination \u00e0 d\u00e9velopper un programme d\u2019avions cargo qui compl\u00e8te son r\u00e9seau mondial de vols passagers, offrant aux exp\u00e9diteurs un acc\u00e8s \u00e0 une capacit\u00e9 fiable toute l\u2019ann\u00e9e.<\/p>\n\n<\/div>\n        <\/div>\n    <\/main>\n                                <\/div>\n    <\/div>\n<\/section>\n\n\n    \n\n\n\n\n\n\n\n\n\n\n\n\n\n<section data-module='m03a' class=\"md:u-pt-fl m-content m-content--image-double   u-bg-[var(--module-background-color)] \" style=\"--module-background-color:var(--color-quaternary-100); --pt-min-value:0; --pt-max-value:0;\">\n        <div class=\"l-container \" style=\"\" >\n        <div class=\"m-content__content u-pt-fl u-pb-fl u-px-fl u-text-[var(--module-text-color)]   \" style=\"--pt-min-value:7; --pt-max-value:10; --pb-min-value:7; --pb-max-value:10; --px-min-value:0; --px-max-value:0; \n                            \n                \n         \n\n    \n    --module-text-color:var(--root-color); --module-subtitle-color:var(--root-color); --module-image-bg-pattern-color:var(--color-quaternary-500); --module-typography-ul-marker-color:var(--color-primary-500); --module-typography-link-color:var(--color-primary-500); --module-typography-link-hover-color:var(--color-primary-500); --module-legend-text-color:var(--color-primary-500);\n \">\n            \n                                            \n                \n\n\n\n\n\n\n\n\n\n\n\n\n<main class=\"l-grid   l-grid--2@md   u-items-center  u-justify-start u-gap-y-fl u-text-left\" style=\"--gap-y-min-value:5; --gap-y-max-value:7; --grid-gutter:    \n                \n                \n    clamp(1.5000rem, 1.2727rem + 0.60606060606061vw, 2.0000rem)\n;\">\n                    <div class=\"l-grid__block\">\n            <picture     \n                        \n                                        \n                                            \n                                                                            \n                        \n     class=\"c-image   c-image-has-bg-pattern c-image-has-bg-pattern--right\" style=\"--border-radius: 8; --radius: 0; --image-bg-pattern-offset-amount:9; --image-bg-pattern-mobile-offset-amount:4.5; --image-bg-pattern-color:var(--color-quaternary-500);\"\n>\n    \n    \n    \n            <source\n            media=\"(min-width: 900px)\"\n            srcset=\"https:\/\/www.cqcd.org\/wp-content\/uploads\/2023\/10\/Spring-GDS-Envoi-Quebec.png\"\n            type=\"image\/png\"\n        >\n            <source\n            media=\"(min-width: 800px)\"\n            srcset=\"https:\/\/www.cqcd.org\/wp-content\/uploads\/2023\/10\/Spring-GDS-Envoi-Quebec.png\"\n            type=\"image\/png\"\n        >\n            <source\n            media=\"(min-width: 400px)\"\n            srcset=\"https:\/\/www.cqcd.org\/wp-content\/uploads\/2023\/10\/Spring-GDS-Envoi-Quebec-400x300.png\"\n            type=\"image\/png\"\n        >\n        <img loading=\"lazy\" decoding=\"async\"     \n                        \n                                        \n                                            \n                                        \n                                            \n                                        \n                                            \n                                        \n                                            \n                                        \n                                                                    \n                                        \n                                            \n                                                                            \n                        \n     class=\"u-w-full u-h-auto\" src=\"https:\/\/www.cqcd.org\/wp-content\/uploads\/2023\/10\/Spring-GDS-Envoi-Quebec.png\" alt width=\"620\" height=\"480\" fetchpriority=\"auto\" style=\"\"\n\/>\n\n    <\/picture>\n        <\/div>\n                    <div class=\"l-grid__block\">\n            <h2 target class=\"c-title    c-title--300\" style=\"--title-emphasis-color: var(--color-root-white);\">\n        \u00c0 propos de Spring Global Delivery Solutions\n            <\/h2>\n\n                                        \n\n\n\n\n\n\n\n\n\n\n\n\n<div class=\"c-typography  u-mt-6 c-typography--paragraph-size\" style=\"--typography-paragraph-font-size: var(--font-size-180); --typography-max-width: 100%;\">\n    <p>Spring Global Delivery Solutions est la division internationale de l\u2019entreprise n\u00e9erlandaise de commerce \u00e9lectronique et de services postaux PostNL. Elle fournit aux entreprises du monde entier des solutions en mati\u00e8re de colis, de courrier, de d\u00e9douanement et de retour. En int\u00e9grant des solutions de livraison globales en Europe, en Asie et aux \u00c9tats-Unis par l\u2019interm\u00e9diaire de PostNL, La Post, Royal Mail, Correos et United States Postal Service, pour n\u2019en citer que quelques-uns.<\/p>\n<p>Spring GDS aide les entreprises \u00e0 se d\u00e9velopper au niveau international et facilite l\u2019exp\u00e9dition internationale gr\u00e2ce \u00e0 des solutions intelligentes de commerce \u00e9lectronique transfrontalier.<\/p>\n<p>Spring offre des solutions de livraison fiables pour les entreprises de commerce \u00e9lectronique \u00e0 l\u2019\u00e9chelle mondiale. Ils comprennent les complexit\u00e9s du commerce \u00e9lectronique transfrontalier et rel\u00e8vent les d\u00e9fis li\u00e9s \u00e0 la logistique internationale afin que vous puissiez vous concentrer sur l\u2019essentiel : la croissance de votre entreprise. Gr\u00e2ce \u00e0 leur pr\u00e9sence mondiale avec 16 bureaux, ils g\u00e8rent efficacement toutes vos exp\u00e9ditions internationales en utilisant des solutions intelligentes et durables.<\/p>\n\n<\/div>\n        <\/div>\n    <\/main>\n                                <\/div>\n    <\/div>\n<\/section>\n\n\n    \n\n\n\n\n\n\n\n\n\n\n\n\n\n<section data-module='m03a' class=\"md:u-pt-fl m-content m-content--image-double    \" style=\"--container-width: 1200px; --module-background-color:var(--color-root-white); --pt-min-value:0; --pt-max-value:0;\">\n        <div class=\"l-container \" style=\"\" >\n        <div class=\"m-content__content u-pt-fl u-pb-fl u-px-fl u-text-[var(--module-text-color)] u-bg-[var(--module-background-color)]  \" style=\"--pt-min-value:7; --pt-max-value:10; --pb-min-value:7; --pb-max-value:10; --px-min-value:0; --px-max-value:0; \n                            \n         \n\n    \n    --module-text-color:var(--root-color); --module-subtitle-color:var(--root-color); --module-image-bg-pattern-color:var(--color-quaternary-500); --module-typography-ul-marker-color:var(--color-primary-500); --module-typography-link-color:var(--color-primary-500); --module-typography-link-hover-color:var(--color-primary-500); --module-legend-text-color:var(--color-primary-500);\n \">\n            \n                                            \n                \n\n\n\n\n\n\n\n\n\n\n\n\n<main class=\"l-grid      u-items-start  u-justify-start u-gap-y-fl u-text-left\" style=\"--gap-y-min-value:5; --gap-y-max-value:7; --grid-gutter:    \n                \n                \n    clamp(1.5000rem, 1.5000rem + 0vw, 1.5000rem)\n;\">\n                    <div class=\"l-grid__block\">\n            <h2 target class=\"c-title    c-title--300         u-mb-10\" style=\"--title-emphasis-color: var(--color-root-white);\">\n        Contribution au d\u00e9veloppement durable de Spring GDS\n            <\/h2>\n\n                                        \n\n\n\n\n\n\n\n\n\n\n\n\n<div class=\"c-typography  c-typography--paragraph-size\" style=\"--typography-paragraph-font-size: var(--font-size-180); --typography-max-width: 100%;\">\n    <p class=\"MsoNormal\"><!--more--><!--more-->\u00c9tant donn\u00e9 que les livraisons par voie terrestre et a\u00e9rienne produisent des \u00e9missions de dioxyde de carbone (CO<sub>2<\/sub>) et d\u2019autres gaz \u00e0 effet de serre, ils sont tenus de diminuer leur impact environnemental et de compenser les effets de leurs activit\u00e9s.<\/p>\n<p class=\"MsoNormal\">Les livraisons \u00e0 \u00e9missions neutres en CO<sub>2<\/sub>\u00a0ne repr\u00e9sentent que la premi\u00e8re \u00e9tape vers la durabilit\u00e9 totale de toutes leurs op\u00e9rations.<\/p>\n<p class=\"MsoNormal\">Au cours du printemps 2022, Spring GDS a dirig\u00e9 un programme visant \u00e0 r\u00e9duire de 90 % leurs \u00e9missions totales provenant du transport routier en Europe en rempla\u00e7ant les carburants fossiles par des biocarburants renouvelables.<\/p>\n<p class=\"MsoNormal\">Une v\u00e9ritable r\u00e9duction des \u00e9missions de CO<sub>2<\/sub>\u00a0est l\u2019action la plus efficace qu\u2019ils puissent entreprendre pour rendre leurs op\u00e9rations plus durables. \u00c9tant donn\u00e9 la complexit\u00e9 de leurs cha\u00eenes d\u2019approvisionnement, il n\u2019est pas possible de remplacer instantan\u00e9ment tous les combustibles fossiles dans leurs v\u00e9hicules par des carburants renouvelables.<\/p>\n<p class=\"MsoNormal\">\u00c0 la place, ils ont calcul\u00e9 la quantit\u00e9 de combustibles fossiles qu\u2019ils utilisent et ont achet\u00e9 une quantit\u00e9 \u00e9quivalente de carburants renouvelables pour les int\u00e9grer dans l\u2019ensemble de la cha\u00eene d\u2019approvisionnement. Cela signifie qu\u2019ils ont fait un grand pas en avant vers le fonctionnement de toutes les livraisons de Spring GDS avec des carburants renouvelables, contribuant ainsi \u00e0 rendre leur secteur plus durable.<\/p>\n\n<\/div>\n        <\/div>\n    <\/main>\n                                <\/div>\n    <\/div>\n<\/section>\n\n\n    \n\n\n\n\n\n\n    \n    \n    \n    \n    \n\n\n<div class=\"m-banner  u-pt-fl u-pb-fl l-has-bg-patterns-3\" data-module='m01a' style=\"--pt-min-value: 8; --pt-max-value: 8; --pb-min-value: 8; --pb-max-value: 8; --banner-overlay-color: var(--color-root-black); --banner-overlay-opacity: 0; --banner-cover-color: var(--color-primary-500); --banner-content-color: var(--color-root-white); --banner-height: 21.875rem\">\n    <div class=\"l-container m-banner__content u-text-left u-max-w-[var(--banner-content-max-width)]\"\n        style=\"\n            --banner-content-max-width: calc(var(--root-baseline) * 180);\n        \"\n    >\n        \n        <div class=\"m-banner__header\">\n                                            \n\n\n\n\n\n\n    \n\n\n\n\n\n\n    <div target class=\"c-title         c-title--banner    u-mb-[var(--module-title-margin)]\" style=\"--title-color:var(--color-secondary-500); --module-title-margin: calc(var(--root-baseline) * 0); --title-emphasis-color: var(--color-root-white);\">\n        Envoi Qu\u00e9bec est une initiative du Conseil qu\u00e9b\u00e9cois du commerce de d\u00e9tail (CQCD), propuls\u00e9e par Machool et financ\u00e9e par le Minist\u00e8re de l\u2019\u00c9conomie, de l\u2019Innovation et de l\u2019\u00c9nergie (MEIE) dans le cadre de l\u2019Offensive de la transformation num\u00e9rique.\n            <\/div>\n\n            \n                    <\/div>\n\n\n        \n            <\/div>\n\n    <\/div>\n\n\n\n\n\n    \n\n\n\n\n\n\n\n\n\n\n\n\n\n<section data-module='m03a' class=\"md:u-pt-fl m-content m-content--image-double    \" style=\"--container-width: 1200px; --module-background-color:var(--color-root-white); --pt-min-value:0; --pt-max-value:0;\">\n        <div class=\"l-container \" style=\"\" >\n        <div class=\"m-content__content u-pt-fl u-pb-fl u-px-fl u-text-[var(--module-text-color)] u-bg-[var(--module-background-color)]  \" style=\"--pt-min-value:7; --pt-max-value:10; --pb-min-value:7; --pb-max-value:10; --px-min-value:0; --px-max-value:0; \n                            \n         \n\n    \n    --module-text-color:var(--root-color); --module-subtitle-color:var(--root-color); --module-image-bg-pattern-color:var(--color-quaternary-500); --module-typography-ul-marker-color:var(--color-primary-500); --module-typography-link-color:var(--color-primary-500); --module-typography-link-hover-color:var(--color-primary-500); --module-legend-text-color:var(--color-primary-500);\n \">\n            \n                                            \n                \n\n\n\n\n\n\n\n\n\n\n\n\n<main class=\"l-grid      u-items-start  u-justify-start u-gap-y-fl u-text-left\" style=\"--gap-y-min-value:5; --gap-y-max-value:7; --grid-gutter:    \n                \n                \n    clamp(1.5000rem, 1.5000rem + 0vw, 1.5000rem)\n;\">\n                    <div class=\"l-grid__block\">\n            <div class=\"c-typography  c-typography--paragraph-size\" style=\"--typography-paragraph-font-size: var(--font-size-180); --typography-max-width: 100%;\">\n    <p>Pour en savoir plus sur tous les avantages de la plateforme Envoi Qu\u00e9bec et vous inscrire gratuitement :<\/p>\n\n<\/div>\n                                        \n\n\n\n\n\n\n\n\n\n\n\n            \n<div class=\"c-actions u-mt-10\" style=\"--actions-gap: calc(var(--root-baseline) * 3); --actions-mobile-gap: calc(var(--root-baseline) * 3); --actions-nb: 1;\">\n        <div class=\"c-actions__wrapper  u-flex-row u-items-center u-justify-start\">\n                    \n                \n                                \n                \n                \n\n\n\n\n    \n\n\n\n\n<a href=\"https:\/\/www.cqcd.org\/envoi-quebec\/\" target=\"_self\" class=\"c-btn c-btn--primary-500      c-btn--fade\">\n                    <span>Cliquez ici<\/span>\n                <\/a>\n                        <\/div>\n<\/div>\n        <\/div>\n    <\/main>\n                                <\/div>\n    <\/div>\n<\/section>\n\n\n    \n\n\n\n<section class=\"m-slider u-overflow-hidden u-pt-fl u-pb-fl u-bg-[var(--module-background-color)] u-text-[var(--module-text-color)]\"\n    data-module=\"m08a\"\n    style=\"\n        --pt-min-value: 7;\n        --pt-max-value: 10;\n        --pb-min-value: 7;\n        --pb-max-value: 10;\n\n        --module-background-color: var(--color-root-white);\n        --module-text-color: var(--root-color);\n    \"\n>\n    <div class=\"l-container\">\n                    \n            \n\n\n\n\n\n\n\n<header class=\"m-module-header u-pt-fl u-pb-fl u-flex u-flex-col sm:u-flex-row sm:u-items-center sm:u-justify-between u-gap-[var(--module-header-gap)] u-bg-[var(--module-background-color)] u-text-[var(--module-text-color)]\" style=\"--module-header-gap: calc(var(--root-baseline) * 3); --module-background-color: transparent; --module-text-color: currentColor; --pt-min-value: 0; --pt-max-value: 0; --pb-min-value: 5; --pb-max-value: 9;\">\n    <div class=\"m-module-header__header\">\n                    \n\n\n\n\n\n\n    \n\n\n\n\n\n\n    <h2 target class=\"c-title    c-title--300         m-module-header__title\" style=\"--title-emphasis-color: var(--color-root-white);\">\n        \u00c0 consulter \u00e9galement!\n            <\/h2>\n\n                            \n\n\n\n\n\n\n\n\n\n\n\n\n<div class=\"c-typography\" style=\"--typography-font-size: 1.5rem; --typography-max-width: 100%;\">\n    Envoi Qu\u00e9bec | Simplifions la livraison pour les commerces d&#8217;ici!\n<\/div>\n            <\/div>\n                <div class=\"m-module-header__content u-flex u-flex-col u-gap-[var(--module-header-gap)] u-w-[var(--module-header-content-width)]\"\n            style=\"\n                --module-header-content-width: auto;\n            \"\n        >\n                                        \n\n\n\n\n\n\n\n\n\n\n\n            \n<div class=\"c-actions\" style=\"--actions-gap: calc(var(--root-baseline) * 3); --actions-mobile-gap: calc(var(--root-baseline) * 3); --actions-nb: 1;\">\n        <div class=\"c-actions__wrapper  u-flex-row u-items-center u-justify-start\">\n                    \n                \n                                \n                \n                \n\n\n\n\n    \n\n\n\n\n<a href=\"https:\/\/www.cqcd.org\/communiques\/?desktop-article_category%5B%5D=89#filter-anchor\" class=\"c-btn c-btn--primary-500   c-btn--ghost   c-btn--fade\">\n                    <span>View all<\/span>\n                <\/a>\n                        <\/div>\n<\/div>\n                    <\/div>\n    <\/header>\n                \n\n\n\n\n\n\n\n\n\n\n\n<div class=\"c-slider c-slider--overflow  u-pt u-pb\" data-slider='{\"name\":\"c08-slider-1149666297\",\"spaceBetween\":24,\"pauseOnMouseEnter\":true,\"lazy\":true,\"navigation\":true,\"pagination\":true,\"scrollbar\":false,\"initBelow\":\"none\",\"keyboard\":{\"enabled\":true},\"slidesPerView\":\"auto\"}' aria-roledescription=\"carousel\" aria-label style=\"--slider-wrapper-mb: 7; --pt: 0; --pb: 0;\">\n    <div class=\"c-slider__wrapper\"\n        aria-atomic=\"false\"\n        aria-live=\"polite\"\n    >\n                    <div\n                class=\"c-slider__slide\"\n                role=\"group\"\n                aria-roledescription=\"slide\"\n                style=\"\n                    --slide-size: min(26.75rem, 70vw);\n                \"\n            >\n                \n\n\n\n\n\n\n\n\n\n\n\n\n\n\n\n<article class=\"c-card  c-card--fade  c-card--boxed u-pt-fl u-pb-fl u-px-fl u-border-radius  c-card--boxed-primary-500\" data-anchor style=\"--card-footer-gap: calc(var(--root-baseline) * 3); --card-content-gap: calc(var(--root-baseline) * 2); --card-background-color: var(--color-root-white); --card-text-color: var(--root-color); --card-image-width: 100%; --border-radius: 4; --pt-min-value: 3; --pt-max-value: 3; --pb-min-value: 3; --pb-max-value: 3; --px-min-value: 3; --px-max-value: 3;\" aria-labelledby=\"card-heading-1207033674\">\n    <div class=\"c-card__wrapper u-gap-y-fl\" style=\"--gap-x-min-value:3; --gap-x-max-value:3; --gap-y-min-value:3; --gap-y-max-value:3;\">\n                    <div class=\"c-card__media\">\n                                \n\n\n\n\n\n\n\n\n\n\n\n\n\n\n\n\n\n\n\n<picture     \n                        \n                                        \n                                            \n                                        \n                        \n     class=\"c-image\" \n>\n    \n    \n    \n            <source\n            media=\"(min-width: )\"\n            srcset=\"https:\/\/www.cqcd.org\/wp-content\/uploads\/2024\/07\/Blogue-CQCD-Envoi-Quebec-Delivro.jpg\"\n            type=\"image\/jpeg\"\n        >\n        <img loading=\"lazy\" decoding=\"async\"     \n                        \n                                        \n                                            \n                                        \n                                            \n                                        \n                                            \n                                        \n                                            \n                                        \n                                                                    \n                                        \n                                            \n                                                                            \n                        \n     class=\"u-object-cover u-aspect-[var(--image-ratio)]\" src=\"https:\/\/www.cqcd.org\/wp-content\/uploads\/2024\/07\/Blogue-CQCD-Envoi-Quebec-Delivro.jpg\" alt width=\"380\" height=\"280\" fetchpriority=\"auto\" style=\"--image-ratio:380\/300;\"\n\/>\n\n    <\/picture>\n            <\/div>\n                <div class=\"c-card__body u-px-fl  u-items-start u-text-left\">\n                        \n                            <div class=\"u-flex u-flex-wrap u-items-center u-gap-x-4 u-gap-y-2\">\n                                                                        \n\n\n\n\n\n\n\n\n\n    \n    \n<div class=\"c-tag  c-tag--primary-500     c-tag--fade\">\n    <span>\n                Envoi Quebec\n                    <\/span>\n<\/div>\n                                                    \n\n\n\n\n\n\n\n\n\n    \n    \n<div class=\"c-tag  c-tag--primary-500     c-tag--fade\">\n    <span>\n                Logistics and supply chain\n                    <\/span>\n<\/div>\n                                                    \n\n\n\n\n\n\n\n\n\n    \n    \n<div class=\"c-tag  c-tag--primary-500     c-tag--fade\">\n    <span>\n                Press release\n                    <\/span>\n<\/div>\n                                                                                        <div class=\"c-card__date\">\n                            25 June 2024\n                        <\/div>\n                                    <\/div>\n                        \n\n            <div class=\"c-card__title \">\n                                    \n\n\n\n\n\n\n    \n\n\n\n\n\n\n    <h3 target class=\"c-title        c-title--700\" style=\"--title-emphasis-color: var(--color-root-white);\" id=\"card-heading-1207033674\">\n        Envoi Qu\u00e9bec Makes Its Debut in The Capitale-Nationale\n            <\/h3>\n\n                \n                \n                            <\/div>\n\n                            \n\n\n\n\n\n\n\n\n\n\n\n\n<div class=\"c-typography\" style=\"--typography-max-width: 100%;\">\n    To make parcel delivery more accessible to retailers across the province, the Retail Council of Quebec (CQCD) is pleased to announce the start of a new collaboration with D\u00e9livro, a local carrier of the region of Quebec City now available on Envoi Qu\u00e9bec.\n<\/div>\n            \n            \n                                <\/div>\n    <\/div>\n            <div class=\"c-card__footer  \">\n            \n\n\n\n\n\n\n\n\n\n\n\n            \n<div class=\"c-actions u-justify-start\" style=\"--actions-gap: calc(var(--root-baseline) * 3); --actions-mobile-gap: calc(var(--root-baseline) * 3); --actions-nb: 1;\">\n        <div class=\"c-actions__wrapper  u-flex-row u-items-center u-justify-start\">\n                                    \n\n\n\n\n    \n\n\n\n<a href=\"https:\/\/www.cqcd.org\/en\/blog\/envoi-quebec-makes-its-debut-in-the-capitale-nationale\/\" class=\"c-link  c-link--primary-500   c-link--underline c-link--underline-grow-top\">\n                    <span>Read more<\/span>\n                    \n\n\n\n\n\n\n\n    <svg class=\"icons icons--angle-right  c-link__icon\"  aria-hidden=\"true\">\n                <use href=\"\/wp-content\/themes\/globalia-theme\/dist\/icons\/icon-system.svg#angle-right\"><\/use>\n    <\/svg>\n    <\/a>\n                        <\/div>\n<\/div>\n        <\/div>\n    <\/article>\n\n            <\/div>\n                    <div\n                class=\"c-slider__slide\"\n                role=\"group\"\n                aria-roledescription=\"slide\"\n                style=\"\n                    --slide-size: min(26.75rem, 70vw);\n                \"\n            >\n                \n\n\n\n\n\n\n\n\n\n\n\n\n\n\n\n<article class=\"c-card  c-card--fade  c-card--boxed u-pt-fl u-pb-fl u-px-fl u-border-radius  c-card--boxed-primary-500\" data-anchor style=\"--card-footer-gap: calc(var(--root-baseline) * 3); --card-content-gap: calc(var(--root-baseline) * 2); --card-background-color: var(--color-root-white); --card-text-color: var(--root-color); --card-image-width: 100%; --border-radius: 4; --pt-min-value: 3; --pt-max-value: 3; --pb-min-value: 3; --pb-max-value: 3; --px-min-value: 3; --px-max-value: 3;\" aria-labelledby=\"card-heading-1164022198\">\n    <div class=\"c-card__wrapper u-gap-y-fl\" style=\"--gap-x-min-value:3; --gap-x-max-value:3; --gap-y-min-value:3; --gap-y-max-value:3;\">\n                    <div class=\"c-card__media\">\n                                \n\n\n\n\n\n\n\n\n\n\n\n\n\n\n\n\n\n\n\n<picture     \n                        \n                                        \n                                            \n                                        \n                        \n     class=\"c-image\" \n>\n    \n    \n    \n            <source\n            media=\"(min-width: )\"\n            srcset=\"https:\/\/www.cqcd.org\/wp-content\/uploads\/2024\/07\/Transition-ecologique_emballage-durable_commerce.jpg\"\n            type=\"image\/jpeg\"\n        >\n        <img loading=\"lazy\" decoding=\"async\"     \n                        \n                                        \n                                            \n                                        \n                                            \n                                        \n                                            \n                                        \n                                            \n                                        \n                                                                    \n                                        \n                                            \n                                                                            \n                        \n     class=\"u-object-cover u-aspect-[var(--image-ratio)]\" src=\"https:\/\/www.cqcd.org\/wp-content\/uploads\/2024\/07\/Transition-ecologique_emballage-durable_commerce.jpg\" alt width=\"380\" height=\"280\" fetchpriority=\"auto\" style=\"--image-ratio:380\/300;\"\n\/>\n\n    <\/picture>\n            <\/div>\n                <div class=\"c-card__body u-px-fl  u-items-start u-text-left\">\n                        \n                            <div class=\"u-flex u-flex-wrap u-items-center u-gap-x-4 u-gap-y-2\">\n                                                                        \n\n\n\n\n\n\n\n\n\n    \n    \n<div class=\"c-tag  c-tag--primary-500     c-tag--fade\">\n    <span>\n                Logistics and supply chain\n                    <\/span>\n<\/div>\n                                                    \n\n\n\n\n\n\n\n\n\n    \n    \n<div class=\"c-tag  c-tag--primary-500     c-tag--fade\">\n    <span>\n                Green logistics\n                    <\/span>\n<\/div>\n                                                    \n\n\n\n\n\n\n\n\n\n    \n    \n<div class=\"c-tag  c-tag--primary-500     c-tag--fade\">\n    <span>\n                Envoi Quebec\n                    <\/span>\n<\/div>\n                                                                                        <div class=\"c-card__date\">\n                            24 November 2023\n                        <\/div>\n                                    <\/div>\n                        \n\n            <div class=\"c-card__title \">\n                                    \n\n\n\n\n\n\n    \n\n\n\n\n\n\n    <h3 target class=\"c-title        c-title--700\" style=\"--title-emphasis-color: var(--color-root-white);\" id=\"card-heading-1164022198\">\n        Reducing Your Carbon Footprint Through Eco-Responsible Logistics\n            <\/h3>\n\n                \n                \n                            <\/div>\n\n                            \n\n\n\n\n\n\n\n\n\n\n\n\n<div class=\"c-typography\" style=\"--typography-max-width: 100%;\">\n    Reducing carbon footprints through eco-responsible logistics is a complex challenge, but it&#8217;s also one that retailers must overcome for a more sustainable future. Discover our tips and tricks for greener logistics!\n<\/div>\n            \n            \n                                <\/div>\n    <\/div>\n            <div class=\"c-card__footer  \">\n            \n\n\n\n\n\n\n\n\n\n\n\n            \n<div class=\"c-actions u-justify-start\" style=\"--actions-gap: calc(var(--root-baseline) * 3); --actions-mobile-gap: calc(var(--root-baseline) * 3); --actions-nb: 1;\">\n        <div class=\"c-actions__wrapper  u-flex-row u-items-center u-justify-start\">\n                                    \n\n\n\n\n    \n\n\n\n<a href=\"https:\/\/www.cqcd.org\/en\/blog\/reducing-your-carbon-footprint\/\" class=\"c-link  c-link--primary-500   c-link--underline c-link--underline-grow-top\">\n                    <span>Read more<\/span>\n                    \n\n\n\n\n\n\n\n    <svg class=\"icons icons--angle-right  c-link__icon\"  aria-hidden=\"true\">\n                <use href=\"\/wp-content\/themes\/globalia-theme\/dist\/icons\/icon-system.svg#angle-right\"><\/use>\n    <\/svg>\n    <\/a>\n                        <\/div>\n<\/div>\n        <\/div>\n    <\/article>\n\n            <\/div>\n                    <div\n                class=\"c-slider__slide\"\n                role=\"group\"\n                aria-roledescription=\"slide\"\n                style=\"\n                    --slide-size: min(26.75rem, 70vw);\n                \"\n            >\n                \n\n\n\n\n\n\n\n\n\n\n\n\n\n\n\n<article class=\"c-card  c-card--fade  c-card--boxed u-pt-fl u-pb-fl u-px-fl u-border-radius  c-card--boxed-primary-500\" data-anchor style=\"--card-footer-gap: calc(var(--root-baseline) * 3); --card-content-gap: calc(var(--root-baseline) * 2); --card-background-color: var(--color-root-white); --card-text-color: var(--root-color); --card-image-width: 100%; --border-radius: 4; --pt-min-value: 3; --pt-max-value: 3; --pb-min-value: 3; --pb-max-value: 3; --px-min-value: 3; --px-max-value: 3;\" aria-labelledby=\"card-heading-1496131101\">\n    <div class=\"c-card__wrapper u-gap-y-fl\" style=\"--gap-x-min-value:3; --gap-x-max-value:3; --gap-y-min-value:3; --gap-y-max-value:3;\">\n                    <div class=\"c-card__media\">\n                                \n\n\n\n\n\n\n\n\n\n\n\n\n\n\n\n\n\n\n\n<picture     \n                        \n                                        \n                                            \n                                        \n                        \n     class=\"c-image\" \n>\n    \n    \n    \n            <source\n            media=\"(min-width: )\"\n            srcset=\"https:\/\/www.cqcd.org\/wp-content\/uploads\/2024\/07\/Envoi-Quebec-2.jpg\"\n            type=\"image\/jpeg\"\n        >\n        <img loading=\"lazy\" decoding=\"async\"     \n                        \n                                        \n                                            \n                                        \n                                            \n                                        \n                                            \n                                        \n                                            \n                                        \n                                                                    \n                                        \n                                            \n                                                                            \n                        \n     class=\"u-object-cover u-aspect-[var(--image-ratio)]\" src=\"https:\/\/www.cqcd.org\/wp-content\/uploads\/2024\/07\/Envoi-Quebec-2.jpg\" alt width=\"380\" height=\"280\" fetchpriority=\"auto\" style=\"--image-ratio:380\/300;\"\n\/>\n\n    <\/picture>\n            <\/div>\n                <div class=\"c-card__body u-px-fl  u-items-start u-text-left\">\n                        \n                            <div class=\"u-flex u-flex-wrap u-items-center u-gap-x-4 u-gap-y-2\">\n                                                                        \n\n\n\n\n\n\n\n\n\n    \n    \n<div class=\"c-tag  c-tag--primary-500     c-tag--fade\">\n    <span>\n                Envoi Quebec\n                    <\/span>\n<\/div>\n                                                    \n\n\n\n\n\n\n\n\n\n    \n    \n<div class=\"c-tag  c-tag--primary-500     c-tag--fade\">\n    <span>\n                Logistics and supply chain\n                    <\/span>\n<\/div>\n                                                    \n\n\n\n\n\n\n\n\n\n    \n    \n<div class=\"c-tag  c-tag--primary-500     c-tag--fade\">\n    <span>\n                Press release\n                    <\/span>\n<\/div>\n                                                                                        <div class=\"c-card__date\">\n                            20 March 2024\n                        <\/div>\n                                    <\/div>\n                        \n\n            <div class=\"c-card__title \">\n                                    \n\n\n\n\n\n\n    \n\n\n\n\n\n\n    <h3 target class=\"c-title        c-title--700\" style=\"--title-emphasis-color: var(--color-root-white);\" id=\"card-heading-1496131101\">\n        Envoi Qu\u00e9bec: Over One Million Parcels Delivered\n            <\/h3>\n\n                \n                \n                            <\/div>\n\n                            \n\n\n\n\n\n\n\n\n\n\n\n\n<div class=\"c-typography\" style=\"--typography-max-width: 100%;\">\n    Montreal, March 20, 2024 &#8211; The Retail Council of Quebec (CQCD) is pleased to announce that its Envoi Qu\u00e9bec initiative has surpassed the one million parcel delivery mark.\n<\/div>\n            \n            \n                                <\/div>\n    <\/div>\n            <div class=\"c-card__footer  \">\n            \n\n\n\n\n\n\n\n\n\n\n\n            \n<div class=\"c-actions u-justify-start\" style=\"--actions-gap: calc(var(--root-baseline) * 3); --actions-mobile-gap: calc(var(--root-baseline) * 3); --actions-nb: 1;\">\n        <div class=\"c-actions__wrapper  u-flex-row u-items-center u-justify-start\">\n                                    \n\n\n\n\n    \n\n\n\n<a href=\"https:\/\/www.cqcd.org\/en\/blog\/envoi-quebec-over-one-million-parcels-delivered\/\" class=\"c-link  c-link--primary-500   c-link--underline c-link--underline-grow-top\">\n                    <span>Read more<\/span>\n                    \n\n\n\n\n\n\n\n    <svg class=\"icons icons--angle-right  c-link__icon\"  aria-hidden=\"true\">\n                <use href=\"\/wp-content\/themes\/globalia-theme\/dist\/icons\/icon-system.svg#angle-right\"><\/use>\n    <\/svg>\n    <\/a>\n                        <\/div>\n<\/div>\n        <\/div>\n    <\/article>\n\n            <\/div>\n                    <div\n                class=\"c-slider__slide\"\n                role=\"group\"\n                aria-roledescription=\"slide\"\n                style=\"\n                    --slide-size: min(26.75rem, 70vw);\n                \"\n            >\n                \n\n\n\n\n\n\n\n\n\n\n\n\n\n\n\n<article class=\"c-card  c-card--fade  c-card--boxed u-pt-fl u-pb-fl u-px-fl u-border-radius  c-card--boxed-primary-500\" data-anchor style=\"--card-footer-gap: calc(var(--root-baseline) * 3); --card-content-gap: calc(var(--root-baseline) * 2); --card-background-color: var(--color-root-white); --card-text-color: var(--root-color); --card-image-width: 100%; --border-radius: 4; --pt-min-value: 3; --pt-max-value: 3; --pb-min-value: 3; --pb-max-value: 3; --px-min-value: 3; --px-max-value: 3;\" aria-labelledby=\"card-heading-1992340656\">\n    <div class=\"c-card__wrapper u-gap-y-fl\" style=\"--gap-x-min-value:3; --gap-x-max-value:3; --gap-y-min-value:3; --gap-y-max-value:3;\">\n                    <div class=\"c-card__media\">\n                                \n\n\n\n\n\n\n\n\n\n\n\n\n\n\n\n\n\n\n\n<picture     \n                        \n                                        \n                                            \n                                        \n                        \n     class=\"c-image\" \n>\n    \n    \n    \n            <source\n            media=\"(min-width: )\"\n            srcset=\"https:\/\/www.cqcd.org\/wp-content\/uploads\/2024\/06\/Livraison-durable-sur-Envoi-Quebec-Velo-cargo-Chasseurs-Courrier.jpg\"\n            type=\"image\/jpeg\"\n        >\n        <img loading=\"lazy\" decoding=\"async\"     \n                        \n                                        \n                                            \n                                        \n                                            \n                                        \n                                            \n                                        \n                                            \n                                        \n                                                                    \n                                        \n                                            \n                                                                            \n                        \n     class=\"u-object-cover u-aspect-[var(--image-ratio)]\" src=\"https:\/\/www.cqcd.org\/wp-content\/uploads\/2024\/06\/Livraison-durable-sur-Envoi-Quebec-Velo-cargo-Chasseurs-Courrier.jpg\" alt width=\"380\" height=\"280\" fetchpriority=\"auto\" style=\"--image-ratio:380\/300;\"\n\/>\n\n    <\/picture>\n            <\/div>\n                <div class=\"c-card__body u-px-fl  u-items-start u-text-left\">\n                        \n                            <div class=\"u-flex u-flex-wrap u-items-center u-gap-x-4 u-gap-y-2\">\n                                                                        \n\n\n\n\n\n\n\n\n\n    \n    \n<div class=\"c-tag  c-tag--primary-500     c-tag--fade\">\n    <span>\n                Envoi Quebec\n                    <\/span>\n<\/div>\n                                                    \n\n\n\n\n\n\n\n\n\n    \n    \n<div class=\"c-tag  c-tag--primary-500     c-tag--fade\">\n    <span>\n                Logistics and supply chain\n                    <\/span>\n<\/div>\n                                                    \n\n\n\n\n\n\n\n\n\n    \n    \n<div class=\"c-tag  c-tag--primary-500     c-tag--fade\">\n    <span>\n                Sustainable development and ecological transition\n                    <\/span>\n<\/div>\n                                                                                        <div class=\"c-card__date\">\n                            03 July 2024\n                        <\/div>\n                                    <\/div>\n                        \n\n            <div class=\"c-card__title \">\n                                    \n\n\n\n\n\n\n    \n\n\n\n\n\n\n    <h3 target class=\"c-title        c-title--700\" style=\"--title-emphasis-color: var(--color-root-white);\" id=\"card-heading-1992340656\">\n        Sustainable Delivery: A Fast-Growing Offer on Envoi Qu\u00e9bec\n            <\/h3>\n\n                \n                \n                            <\/div>\n\n                            \n\n\n\n\n\n\n\n\n\n\n\n\n<div class=\"c-typography\" style=\"--typography-max-width: 100%;\">\n    The sustainable delivery offer is expanding on the Envoi Qu\u00e9bec platform thanks to the green turn of many carriers operating in Quebec: the decarbonization of truck fleets, the boom of cycle logistics, and the new \u201csustainable delivery\u201d certification\u2026\n<\/div>\n            \n            \n                                <\/div>\n    <\/div>\n            <div class=\"c-card__footer  \">\n            \n\n\n\n\n\n\n\n\n\n\n\n            \n<div class=\"c-actions u-justify-start\" style=\"--actions-gap: calc(var(--root-baseline) * 3); --actions-mobile-gap: calc(var(--root-baseline) * 3); --actions-nb: 1;\">\n        <div class=\"c-actions__wrapper  u-flex-row u-items-center u-justify-start\">\n                                    \n\n\n\n\n    \n\n\n\n<a href=\"https:\/\/www.cqcd.org\/en\/blog\/sustainable-delivery-a-fast-growing-offer-on-envoi-quebec\/\" class=\"c-link  c-link--primary-500   c-link--underline c-link--underline-grow-top\">\n                    <span>Read more<\/span>\n                    \n\n\n\n\n\n\n\n    <svg class=\"icons icons--angle-right  c-link__icon\"  aria-hidden=\"true\">\n                <use href=\"\/wp-content\/themes\/globalia-theme\/dist\/icons\/icon-system.svg#angle-right\"><\/use>\n    <\/svg>\n    <\/a>\n                        <\/div>\n<\/div>\n        <\/div>\n    <\/article>\n\n            <\/div>\n            <\/div>\n    <div class=\"c-slider__actions u-flex u-justify-between u-items-center\">\n                            <div class=\"c-slider__pagination\"><\/div>\n                            <div class=\"c-slider__nav-wrapper u-flex u-gap-4\">\n                <button\n                    data-slider-prev=\"c08-slider-1149666297\"\n                    class=\"c-slider__nav c-slider__nav--prev\"\n                    aria-label=\"\"\n                >\n                    \n\n\n\n\n\n\n\n    <svg class=\"icons icons--arrow-left-solid\"  aria-hidden=\"true\">\n                <use href=\"\/wp-content\/themes\/globalia-theme\/dist\/icons\/icon-system.svg#arrow-left-solid\"><\/use>\n    <\/svg>\n                <\/button>\n                <button\n                    data-slider-next=\"c08-slider-1149666297\"\n                    class=\"c-slider__nav c-slider__nav--next\"\n                    aria-label=\"\"\n                >\n                    \n\n\n\n\n\n\n\n    <svg class=\"icons icons--arrow-right-solid\"  aria-hidden=\"true\">\n                <use href=\"\/wp-content\/themes\/globalia-theme\/dist\/icons\/icon-system.svg#arrow-right-solid\"><\/use>\n    <\/svg>\n                <\/button>\n            <\/div>\n            <\/div>\n<\/div>\n                    \n            \n\n\n\n\n\n\n\n            <\/div>\n<\/section>\n","protected":false},"excerpt":{"rendered":"<p>Air Canada Cargo and Spring Global Delivery Solutions joined the Envoi Qu\u00e9bec platform! Retailers can benefit from an expanded range of international shipping options at very competitive prices.<\/p>\n","protected":false},"featured_media":3099,"template":"","article_category":[112,116,109],"class_list":["post-3124","blog_article","type-blog_article","status-publish","has-post-thumbnail","hentry","article_category-envoi-quebec-en","article_category-logistics-and-supply-chain","article_category-sustainable-development-and-ecological-transition"],"acf":[],"yoast_head":"<!-- This site is optimized with the Yoast SEO plugin v27.2 - https:\/\/yoast.com\/product\/yoast-seo-wordpress\/ -->\n<title>Air Canada Cargo &amp; Spring GDS now available on Envoi Qu\u00e9bec - Retail Council of Quebec<\/title>\n<meta name=\"description\" content=\"Ship your parcels internationally: Air Canada Cargo and Spring Global Delivery Solutions join the Envoi Qu\u00e9bec platform!\" \/>\n<meta name=\"robots\" content=\"index, follow, max-snippet:-1, max-image-preview:large, max-video-preview:-1\" \/>\n<link rel=\"canonical\" href=\"https:\/\/www.cqcd.org\/en\/blog\/air-canada-cargo-et-spring-the-latest-carriers-to-join-envoi-quebec\/\" \/>\n<meta property=\"og:locale\" content=\"en_US\" \/>\n<meta property=\"og:type\" content=\"article\" \/>\n<meta property=\"og:title\" content=\"Air Canada Cargo et Spring, nouveaux transporteurs sur Envoi Qu\u00e9bec\" \/>\n<meta property=\"og:description\" content=\"Ship your parcels internationally: Air Canada Cargo and Spring Global Delivery Solutions join the Envoi Qu\u00e9bec platform!\" \/>\n<meta property=\"og:url\" content=\"https:\/\/www.cqcd.org\/en\/blog\/air-canada-cargo-et-spring-the-latest-carriers-to-join-envoi-quebec\/\" \/>\n<meta property=\"og:site_name\" content=\"Conseil qu\u00e9b\u00e9cois du commerce de d\u00e9tail\" \/>\n<meta property=\"article:modified_time\" content=\"2024-07-17T14:35:01+00:00\" \/>\n<meta property=\"og:image\" content=\"https:\/\/www.cqcd.org\/wp-content\/uploads\/2023\/10\/air-canada-600x399-1.webp\" \/>\n\t<meta property=\"og:image:width\" content=\"600\" \/>\n\t<meta property=\"og:image:height\" content=\"399\" \/>\n\t<meta property=\"og:image:type\" content=\"image\/webp\" \/>\n<meta name=\"twitter:card\" content=\"summary_large_image\" \/>\n<meta name=\"twitter:label1\" content=\"Est. reading time\" \/>\n\t<meta name=\"twitter:data1\" content=\"1 minute\" \/>\n<script type=\"application\/ld+json\" class=\"yoast-schema-graph\">{\"@context\":\"https:\/\/schema.org\",\"@graph\":[{\"@type\":\"WebPage\",\"@id\":\"https:\/\/www.cqcd.org\/en\/blog\/air-canada-cargo-et-spring-the-latest-carriers-to-join-envoi-quebec\/\",\"url\":\"https:\/\/www.cqcd.org\/en\/blog\/air-canada-cargo-et-spring-the-latest-carriers-to-join-envoi-quebec\/\",\"name\":\"Air Canada Cargo & Spring GDS now available on Envoi Qu\u00e9bec - Retail Council of Quebec\",\"isPartOf\":{\"@id\":\"https:\/\/www.cqcd.org\/en\/#website\"},\"primaryImageOfPage\":{\"@id\":\"https:\/\/www.cqcd.org\/en\/blog\/air-canada-cargo-et-spring-the-latest-carriers-to-join-envoi-quebec\/#primaryimage\"},\"image\":{\"@id\":\"https:\/\/www.cqcd.org\/en\/blog\/air-canada-cargo-et-spring-the-latest-carriers-to-join-envoi-quebec\/#primaryimage\"},\"thumbnailUrl\":\"https:\/\/www.cqcd.org\/wp-content\/uploads\/2023\/10\/air-canada-600x399-1.webp\",\"datePublished\":\"2023-10-20T17:07:54+00:00\",\"dateModified\":\"2024-07-17T14:35:01+00:00\",\"description\":\"Ship your parcels internationally: Air Canada Cargo and Spring Global Delivery Solutions join the Envoi Qu\u00e9bec platform!\",\"breadcrumb\":{\"@id\":\"https:\/\/www.cqcd.org\/en\/blog\/air-canada-cargo-et-spring-the-latest-carriers-to-join-envoi-quebec\/#breadcrumb\"},\"inLanguage\":\"en-US\",\"potentialAction\":[{\"@type\":\"ReadAction\",\"target\":[\"https:\/\/www.cqcd.org\/en\/blog\/air-canada-cargo-et-spring-the-latest-carriers-to-join-envoi-quebec\/\"]}]},{\"@type\":\"ImageObject\",\"inLanguage\":\"en-US\",\"@id\":\"https:\/\/www.cqcd.org\/en\/blog\/air-canada-cargo-et-spring-the-latest-carriers-to-join-envoi-quebec\/#primaryimage\",\"url\":\"https:\/\/www.cqcd.org\/wp-content\/uploads\/2023\/10\/air-canada-600x399-1.webp\",\"contentUrl\":\"https:\/\/www.cqcd.org\/wp-content\/uploads\/2023\/10\/air-canada-600x399-1.webp\",\"width\":600,\"height\":399,\"caption\":\"Air Canada Cargo int\u00e8gre Envoi Qu\u00e9bec\"},{\"@type\":\"BreadcrumbList\",\"@id\":\"https:\/\/www.cqcd.org\/en\/blog\/air-canada-cargo-et-spring-the-latest-carriers-to-join-envoi-quebec\/#breadcrumb\",\"itemListElement\":[{\"@type\":\"ListItem\",\"position\":1,\"name\":\"Accueil\",\"item\":\"https:\/\/www.cqcd.org\/en\/\"},{\"@type\":\"ListItem\",\"position\":2,\"name\":\"Air Canada Cargo &amp; Spring GDS: The Latest Carriers to Join Envoi Qu\u00e9bec\"}]},{\"@type\":\"WebSite\",\"@id\":\"https:\/\/www.cqcd.org\/en\/#website\",\"url\":\"https:\/\/www.cqcd.org\/en\/\",\"name\":\"Conseil qu\u00e9b\u00e9cois du commerce de d\u00e9tail\",\"description\":\"\",\"potentialAction\":[{\"@type\":\"SearchAction\",\"target\":{\"@type\":\"EntryPoint\",\"urlTemplate\":\"https:\/\/www.cqcd.org\/en\/?s={search_term_string}\"},\"query-input\":{\"@type\":\"PropertyValueSpecification\",\"valueRequired\":true,\"valueName\":\"search_term_string\"}}],\"inLanguage\":\"en-US\"}]}<\/script>\n<!-- \/ Yoast SEO plugin. -->","yoast_head_json":{"title":"Air Canada Cargo & Spring GDS now available on Envoi Qu\u00e9bec - Retail Council of Quebec","description":"Ship your parcels internationally: Air Canada Cargo and Spring Global Delivery Solutions join the Envoi Qu\u00e9bec platform!","robots":{"index":"index","follow":"follow","max-snippet":"max-snippet:-1","max-image-preview":"max-image-preview:large","max-video-preview":"max-video-preview:-1"},"canonical":"https:\/\/www.cqcd.org\/en\/blog\/air-canada-cargo-et-spring-the-latest-carriers-to-join-envoi-quebec\/","og_locale":"en_US","og_type":"article","og_title":"Air Canada Cargo et Spring, nouveaux transporteurs sur Envoi Qu\u00e9bec","og_description":"Ship your parcels internationally: Air Canada Cargo and Spring Global Delivery Solutions join the Envoi Qu\u00e9bec platform!","og_url":"https:\/\/www.cqcd.org\/en\/blog\/air-canada-cargo-et-spring-the-latest-carriers-to-join-envoi-quebec\/","og_site_name":"Conseil qu\u00e9b\u00e9cois du commerce de d\u00e9tail","article_modified_time":"2024-07-17T14:35:01+00:00","og_image":[{"width":600,"height":399,"url":"https:\/\/www.cqcd.org\/wp-content\/uploads\/2023\/10\/air-canada-600x399-1.webp","type":"image\/webp"}],"twitter_card":"summary_large_image","twitter_misc":{"Est. reading time":"1 minute"},"schema":{"@context":"https:\/\/schema.org","@graph":[{"@type":"WebPage","@id":"https:\/\/www.cqcd.org\/en\/blog\/air-canada-cargo-et-spring-the-latest-carriers-to-join-envoi-quebec\/","url":"https:\/\/www.cqcd.org\/en\/blog\/air-canada-cargo-et-spring-the-latest-carriers-to-join-envoi-quebec\/","name":"Air Canada Cargo & Spring GDS now available on Envoi Qu\u00e9bec - Retail Council of Quebec","isPartOf":{"@id":"https:\/\/www.cqcd.org\/en\/#website"},"primaryImageOfPage":{"@id":"https:\/\/www.cqcd.org\/en\/blog\/air-canada-cargo-et-spring-the-latest-carriers-to-join-envoi-quebec\/#primaryimage"},"image":{"@id":"https:\/\/www.cqcd.org\/en\/blog\/air-canada-cargo-et-spring-the-latest-carriers-to-join-envoi-quebec\/#primaryimage"},"thumbnailUrl":"https:\/\/www.cqcd.org\/wp-content\/uploads\/2023\/10\/air-canada-600x399-1.webp","datePublished":"2023-10-20T17:07:54+00:00","dateModified":"2024-07-17T14:35:01+00:00","description":"Ship your parcels internationally: Air Canada Cargo and Spring Global Delivery Solutions join the Envoi Qu\u00e9bec platform!","breadcrumb":{"@id":"https:\/\/www.cqcd.org\/en\/blog\/air-canada-cargo-et-spring-the-latest-carriers-to-join-envoi-quebec\/#breadcrumb"},"inLanguage":"en-US","potentialAction":[{"@type":"ReadAction","target":["https:\/\/www.cqcd.org\/en\/blog\/air-canada-cargo-et-spring-the-latest-carriers-to-join-envoi-quebec\/"]}]},{"@type":"ImageObject","inLanguage":"en-US","@id":"https:\/\/www.cqcd.org\/en\/blog\/air-canada-cargo-et-spring-the-latest-carriers-to-join-envoi-quebec\/#primaryimage","url":"https:\/\/www.cqcd.org\/wp-content\/uploads\/2023\/10\/air-canada-600x399-1.webp","contentUrl":"https:\/\/www.cqcd.org\/wp-content\/uploads\/2023\/10\/air-canada-600x399-1.webp","width":600,"height":399,"caption":"Air Canada Cargo int\u00e8gre Envoi Qu\u00e9bec"},{"@type":"BreadcrumbList","@id":"https:\/\/www.cqcd.org\/en\/blog\/air-canada-cargo-et-spring-the-latest-carriers-to-join-envoi-quebec\/#breadcrumb","itemListElement":[{"@type":"ListItem","position":1,"name":"Accueil","item":"https:\/\/www.cqcd.org\/en\/"},{"@type":"ListItem","position":2,"name":"Air Canada Cargo &amp; Spring GDS: The Latest Carriers to Join Envoi Qu\u00e9bec"}]},{"@type":"WebSite","@id":"https:\/\/www.cqcd.org\/en\/#website","url":"https:\/\/www.cqcd.org\/en\/","name":"Conseil qu\u00e9b\u00e9cois du commerce de d\u00e9tail","description":"","potentialAction":[{"@type":"SearchAction","target":{"@type":"EntryPoint","urlTemplate":"https:\/\/www.cqcd.org\/en\/?s={search_term_string}"},"query-input":{"@type":"PropertyValueSpecification","valueRequired":true,"valueName":"search_term_string"}}],"inLanguage":"en-US"}]}},"_links":{"self":[{"href":"https:\/\/www.cqcd.org\/en\/wp-json\/wp\/v2\/blog_article\/3124","targetHints":{"allow":["GET"]}}],"collection":[{"href":"https:\/\/www.cqcd.org\/en\/wp-json\/wp\/v2\/blog_article"}],"about":[{"href":"https:\/\/www.cqcd.org\/en\/wp-json\/wp\/v2\/types\/blog_article"}],"wp:featuredmedia":[{"embeddable":true,"href":"https:\/\/www.cqcd.org\/en\/wp-json\/wp\/v2\/media\/3099"}],"wp:attachment":[{"href":"https:\/\/www.cqcd.org\/en\/wp-json\/wp\/v2\/media?parent=3124"}],"wp:term":[{"taxonomy":"article_category","embeddable":true,"href":"https:\/\/www.cqcd.org\/en\/wp-json\/wp\/v2\/article_category?post=3124"}],"curies":[{"name":"wp","href":"https:\/\/api.w.org\/{rel}","templated":true}]}}