{"id":3302,"date":"2023-02-28T14:27:00","date_gmt":"2023-02-28T19:27:00","guid":{"rendered":"https:\/\/www.cqcd.org\/blogue\/commerce-de-detail-vers-la-fin-du-boxing-day-et-des-heures-douverture-habituelles\/"},"modified":"2024-07-16T14:46:22","modified_gmt":"2024-07-16T18:46:22","slug":"boxing-day-opening-hours","status":"publish","type":"blog_article","link":"https:\/\/www.cqcd.org\/en\/blog\/boxing-day-opening-hours\/","title":{"rendered":"Retail : towards the end of &#8220;Boxing Day&#8221; and regular opening hours?"},"content":{"rendered":"    \n\n\n\n\n\n\n\n\n\n\n\n\n\n<section data-module='m03a' class=\"md:u-pt-fl m-content m-content--image-double   u-bg-[var(--module-background-color)] \" style=\"--module-background-color:var(--color-quaternary-100); --pt-min-value:0; --pt-max-value:0;\">\n        <div class=\"l-container \" style=\"\" >\n        <div class=\"m-content__content u-pt-fl u-pb-fl u-px-fl u-text-[var(--module-text-color)]   \" style=\"--pt-min-value:7; --pt-max-value:10; --pb-min-value:7; --pb-max-value:10; --px-min-value:0; --px-max-value:0; \n                            \n                \n         \n\n    \n    --module-text-color:var(--root-color); --module-subtitle-color:var(--root-color); --module-image-bg-pattern-color:var(--color-quaternary-500); --module-typography-ul-marker-color:var(--color-primary-500); --module-typography-link-color:var(--color-primary-500); --module-typography-link-hover-color:var(--color-primary-500); --module-legend-text-color:var(--color-primary-500);\n \">\n            \n                                            \n                \n\n\n\n\n\n\n\n\n\n\n\n\n<main class=\"l-grid   l-grid--2@md   u-items-center  u-justify-start u-gap-y-fl u-text-left\" style=\"--gap-y-min-value:5; --gap-y-max-value:7; --grid-gutter:    \n                \n                \n    clamp(1.5000rem, 1.2727rem + 0.60606060606061vw, 2.0000rem)\n;\">\n                    <div class=\"l-grid__block\">\n            <picture     \n                        \n                                        \n                                            \n                                                                            \n                        \n     class=\"c-image   c-image-has-bg-pattern c-image-has-bg-pattern--right\" style=\"--border-radius: 8; --radius: 0; --image-bg-pattern-offset-amount:9; --image-bg-pattern-mobile-offset-amount:4.5; --image-bg-pattern-color:var(--color-quaternary-500);\"\n>\n    \n    \n    \n            <source\n            media=\"(min-width: 900px)\"\n            srcset=\"https:\/\/www.cqcd.org\/wp-content\/uploads\/2024\/07\/barometre-CQCD-HEURE-D-OUVERTURE-1024x577.png.webp\"\n            type=\"\"\n        >\n            <source\n            media=\"(min-width: 800px)\"\n            srcset=\"https:\/\/www.cqcd.org\/wp-content\/uploads\/2024\/07\/barometre-CQCD-HEURE-D-OUVERTURE-1024x577.png-800x577.webp\"\n            type=\"\"\n        >\n            <source\n            media=\"(min-width: 400px)\"\n            srcset=\"https:\/\/www.cqcd.org\/wp-content\/uploads\/2024\/07\/barometre-CQCD-HEURE-D-OUVERTURE-1024x577.png-400x300.webp\"\n            type=\"\"\n        >\n        <img loading=\"lazy\" decoding=\"async\"     \n                        \n                                        \n                                            \n                                        \n                                            \n                                        \n                                            \n                                        \n                                            \n                                        \n                                                                    \n                                        \n                                            \n                                                                            \n                        \n     class=\"u-w-full u-h-auto\" src=\"https:\/\/www.cqcd.org\/wp-content\/uploads\/2024\/07\/barometre-CQCD-HEURE-D-OUVERTURE-1024x577.png.webp\" alt width=\"1024\" height=\"577\" fetchpriority=\"auto\" style=\"\"\n\/>\n\n    <\/picture>\n        <\/div>\n                    <div class=\"l-grid__block\">\n            <h2 target class=\"c-title    c-title--300\" style=\"--title-emphasis-color: var(--color-root-white);\">\n        Pr\u00e9s de 60 % des consommateurs sond\u00e9s, sont pour une fermeture le 26 d\u00e9cembre et le 2 janvier\n            <\/h2>\n\n                                        \n\n\n\n\n\n\n\n\n\n\n\n\n<div class=\"c-typography  u-mt-6 c-typography--paragraph-size\" style=\"--typography-paragraph-font-size: var(--font-size-180); --typography-max-width: 100%;\">\n    <p class=\"MsoNormal\">Quelques \u00e9l\u00e9ments peuvent surprendre, puisque pr\u00e8s de<strong> 60 %<\/strong> des consommateurs interrog\u00e9s seraient en accord avec une fermeture des commerces le 26 d\u00e9cembre, ainsi que le 2 janvier, tous secteurs confondus. Selon cette statistique, l\u2019\u00e9poque tant attendue des soldes du \u00ab Boxing Day \u00bb serait r\u00e9volue!<\/p>\n<p class=\"MsoNormal\">D\u2019autre part, le pourcentage de gens favorables \u00e0 des modifications sur les jours ou les heures de fermeture varie selon le type de commerce. En effet, c\u2019est pour la journ\u00e9e du dimanche que l\u2019on retrouve le plus de gens en faveur d\u2019une quelconque fermeture, mais, pour l\u2019ensemble des types de commerces, le taux moyen n\u2019atteint que <strong>41 %<\/strong> et encore moins, si l\u2019on isole les magasins d\u2019alimentation (<strong>31 %<\/strong>) ou les commerces de sant\u00e9 et soins personnels (<strong>32 %<\/strong>). La fermeture le dimanche n\u2019est donc pas une option ad\u00e9quate pour le consommateur.<\/p>\n\n<\/div>\n        <\/div>\n    <\/main>\n                                <\/div>\n    <\/div>\n<\/section>\n\n\n    \n\n\n\n\n\n\n\n\n\n\n\n\n\n<section data-module='m03a' class=\"md:u-pt-fl m-content m-content--image-double   u-bg-[var(--module-background-color)] \" style=\"--module-background-color:var(--color-root-white); --pt-min-value:0; --pt-max-value:0;\">\n        <div class=\"l-container \" style=\"\" >\n        <div class=\"m-content__content u-pt-fl u-pb-fl u-px-fl u-text-[var(--module-text-color)]   \" style=\"--pt-min-value:7; --pt-max-value:10; --pb-min-value:7; --pb-max-value:10; --px-min-value:0; --px-max-value:0; \n                            \n         \n\n    \n    --module-text-color:var(--root-color); --module-subtitle-color:var(--root-color); --module-image-bg-pattern-color:var(--color-quaternary-500); --module-typography-ul-marker-color:var(--color-primary-500); --module-typography-link-color:var(--color-primary-500); --module-typography-link-hover-color:var(--color-primary-500); --module-legend-text-color:var(--color-primary-500);\n \">\n            \n                                            \n                \n\n\n\n\n\n\n\n\n\n\n\n\n<main class=\"l-grid   l-grid--2@md   u-items-start  u-justify-start u-gap-y-fl u-text-left\" style=\"--gap-y-min-value:3; --gap-y-max-value:3; --grid-gutter:    \n                \n                \n    clamp(1.5000rem, 0.3636rem + 3.030303030303vw, 4.0000rem)\n;\">\n                    <div class=\"l-grid__block\">\n            <h2 target class=\"c-title    c-title--300\" style=\"--title-emphasis-color: var(--color-root-white);\">\n        Le CQCD en consultation avec ses d\u00e9taillants membres\n            <\/h2>\n        <\/div>\n                    <div class=\"l-grid__block\">\n            <div class=\"c-typography  c-typography--paragraph-size\" style=\"--typography-paragraph-font-size: var(--font-size-180); --typography-max-width: 100%;\">\n    <p class=\"MsoNormal\">Puisque le CQCD est en discussion avec ses membres d\u00e9taillants sur le sujet, ceux-ci voulaient \u00e9galement conna\u00eetre le point de vue du consommateur sur d\u2019autres jours de fermeture. Les r\u00e9pondants ont donc \u00e9galement \u00e9t\u00e9 questionn\u00e9s sur la fermeture les lundis (29 % seraient en accord) et pour diminuer les heures d\u2019ouverture pour les lundis, mardis et mercredis soir (37 % seraient en accord), et ce, pour tous les types de commerces.<\/p>\n<p class=\"MsoNormal\">Toutes ces moyennes excluent toutefois les stations-service, puisque les consommateurs, de fa\u00e7on quasi unanime, ne souhaitent aucun changement pour ce type de commerce.<\/p>\n<p class=\"MsoNormal\">La majorit\u00e9 des membres d\u00e9taillants qui ont, eux aussi, \u00e9t\u00e9 sond\u00e9s par le CQCD, pr\u00e9f\u00e9reraient des ajustements variables selon le lieu et le type de commerce plut\u00f4t que d\u2019en arriver \u00e0 la fermeture obligatoire d\u2019une journ\u00e9e telle que le dimanche.<\/p>\n\n<\/div>\n        <\/div>\n    <\/main>\n                                <\/div>\n    <\/div>\n<\/section>\n\n\n    \n\n\n\n\n\n\n\n\n\n\n\n\n\n<section data-module='m03a' class=\"md:u-pt-fl m-content m-content--image-double   u-bg-[var(--module-background-color)] \" style=\"--module-background-color:var(--color-quaternary-100); --pt-min-value:0; --pt-max-value:0;\">\n        <div class=\"l-container \" style=\"\" >\n        <div class=\"m-content__content u-pt-fl u-pb-fl u-px-fl u-text-[var(--module-text-color)]   \" style=\"--pt-min-value:7; --pt-max-value:10; --pb-min-value:7; --pb-max-value:10; --px-min-value:0; --px-max-value:0; \n                            \n                \n         \n\n    \n    --module-text-color:var(--root-color); --module-subtitle-color:var(--root-color); --module-image-bg-pattern-color:var(--color-quaternary-500); --module-typography-ul-marker-color:var(--color-primary-500); --module-typography-link-color:var(--color-primary-500); --module-typography-link-hover-color:var(--color-primary-500); --module-legend-text-color:var(--color-primary-500);\n \">\n            \n                                            \n                \n\n\n\n\n\n\n\n\n\n\n\n\n<main class=\"l-grid   l-grid--2@md   u-items-center  u-justify-start u-gap-y-fl u-text-left\" style=\"--gap-y-min-value:5; --gap-y-max-value:7; --grid-gutter:    \n                \n                \n    clamp(1.5000rem, 1.2727rem + 0.60606060606061vw, 2.0000rem)\n;\">\n                    <div class=\"l-grid__block\">\n            <picture     \n                        \n                                        \n                                            \n                                                                            \n                        \n     class=\"c-image   c-image-has-bg-pattern c-image-has-bg-pattern--right\" style=\"--border-radius: 8; --radius: 0; --image-bg-pattern-offset-amount:9; --image-bg-pattern-mobile-offset-amount:4.5; --image-bg-pattern-color:var(--color-quaternary-500);\"\n>\n    \n    \n    \n            <source\n            media=\"(min-width: 900px)\"\n            srcset=\"https:\/\/www.cqcd.org\/wp-content\/uploads\/2024\/07\/Photo-Damien-Siles_2023-web-1024x1024.jpg-1024x900.webp\"\n            type=\"\"\n        >\n            <source\n            media=\"(min-width: 800px)\"\n            srcset=\"https:\/\/www.cqcd.org\/wp-content\/uploads\/2024\/07\/Photo-Damien-Siles_2023-web-1024x1024.jpg-800x600.webp\"\n            type=\"\"\n        >\n            <source\n            media=\"(min-width: 400px)\"\n            srcset=\"https:\/\/www.cqcd.org\/wp-content\/uploads\/2024\/07\/Photo-Damien-Siles_2023-web-1024x1024.jpg-400x300.webp\"\n            type=\"\"\n        >\n        <img loading=\"lazy\" decoding=\"async\"     \n                        \n                                        \n                                            \n                                        \n                                            \n                                        \n                                            \n                                        \n                                            \n                                        \n                                                                    \n                                        \n                                            \n                                                                            \n                        \n     class=\"u-w-full u-h-auto\" src=\"https:\/\/www.cqcd.org\/wp-content\/uploads\/2024\/07\/Photo-Damien-Siles_2023-web-1024x1024.jpg-1024x900.webp\" alt width=\"1024\" height=\"900\" fetchpriority=\"auto\" style=\"\"\n\/>\n\n    <\/picture>\n        <\/div>\n                    <div class=\"l-grid__block\">\n            <div class=\"c-subtitle u-text-[var(--module-subtitle-color)] u-mb-4 u-text-140 u-font-semibold u-font-secondary\" >\n        Directeur g\u00e9n\u00e9ral du Conseil qu\u00e9b\u00e9cois du commerce de d\u00e9tail (CQCD)\n    <\/div>\n\n    <h2 target class=\"c-title    c-title--300\" style=\"--title-emphasis-color: var(--color-root-white);\">\n        Damien Sil\u00e8s\n            <\/h2>\n\n                                        \n\n\n\n\n\n\n\n\n\n\n\n\n<div class=\"c-typography  u-mt-6 c-typography--paragraph-size\" style=\"--typography-paragraph-font-size: var(--font-size-180); --typography-max-width: 100%;\">\n    <p class=\"MsoNormal\">\u00ab Les heures d\u2019ouverture des commerces sont un r\u00e9el enjeu pour les d\u00e9taillants. La p\u00e9nurie de main-d\u2019\u0153uvre, qui repr\u00e9sente un manque de plus de 25 000 employ\u00e9s au Qu\u00e9bec pour notre secteur, n\u2019est qu\u2019un exemple qui illustre l\u2019importance de cette r\u00e9flexion. Le commerce de d\u00e9tail est en perp\u00e9tuelle \u00e9volution et il nous apparaissait essentiel de prendre le pouls des d\u00e9taillants, mais aussi celui des consommateurs, afin d\u2019\u00e9tablir un dialogue et d\u2019en arriver \u00e0 une meilleure coh\u00e9rence pour tous \u00bb<\/p>\n<p class=\"MsoNormal\">\n<p class=\"MsoNormal\">\n\n<\/div>\n        <\/div>\n    <\/main>\n                                <\/div>\n    <\/div>\n<\/section>\n\n\n    \n\n\n\n\n\n\n\n\n\n\n\n\n\n<section data-module='m03a' class=\"md:u-pt-fl m-content m-content--image-double    \" style=\"--container-width: 1200px; --module-background-color:var(--color-root-white); --pt-min-value:0; --pt-max-value:0;\">\n        <div class=\"l-container \" style=\"\" >\n        <div class=\"m-content__content u-pt-fl u-pb-fl u-px-fl u-text-[var(--module-text-color)] u-bg-[var(--module-background-color)]  \" style=\"--pt-min-value:7; --pt-max-value:10; --pb-min-value:7; --pb-max-value:10; --px-min-value:0; --px-max-value:0; \n                            \n         \n\n    \n    --module-text-color:var(--root-color); --module-subtitle-color:var(--root-color); --module-image-bg-pattern-color:var(--color-quaternary-500); --module-typography-ul-marker-color:var(--color-primary-500); --module-typography-link-color:var(--color-primary-500); --module-typography-link-hover-color:var(--color-primary-500); --module-legend-text-color:var(--color-primary-500);\n \">\n            \n                                            \n                \n\n\n\n\n\n\n\n\n\n\n\n\n<main class=\"l-grid      u-items-start  u-justify-start u-gap-y-fl u-text-left\" style=\"--gap-y-min-value:5; --gap-y-max-value:7; --grid-gutter:    \n                \n                \n    clamp(1.5000rem, 1.5000rem + 0vw, 1.5000rem)\n;\">\n                    <div class=\"l-grid__block\">\n            <div class=\"c-typography  c-typography--paragraph-size\" style=\"--typography-paragraph-font-size: var(--font-size-180); --typography-max-width: 100%;\">\n    <p class=\"MsoNormal\">Finalement, les consommateurs ont aussi t\u00e9moign\u00e9 de l\u2019incertitude \u00e9conomique. 29 % des Qu\u00e9b\u00e9cois sond\u00e9s ont affirm\u00e9 que la situation financi\u00e8re de leur m\u00e9nage s\u2019\u00e9tait d\u00e9t\u00e9rior\u00e9e au cours des six (6) derniers mois et 54 % pensent que la province entrera en r\u00e9cession d\u2019ici la fin de l\u2019ann\u00e9e.<\/p>\n\n<\/div>\n        <\/div>\n    <\/main>\n                                <\/div>\n    <\/div>\n<\/section>\n\n\n    \n\n\n\n\n\n\n\n\n\n\n\n\n\n<section data-module='m03a' class=\"md:u-pt-fl m-content m-content--image-double   u-bg-[var(--module-background-color)] \" style=\"--module-background-color:var(--color-root-white); --pt-min-value:0; --pt-max-value:0;\">\n        <div class=\"l-container \" style=\"\" >\n        <div class=\"m-content__content u-pt-fl u-pb-fl u-px-fl u-text-[var(--module-text-color)]   \" style=\"--pt-min-value:7; --pt-max-value:10; --pb-min-value:7; --pb-max-value:10; --px-min-value:0; --px-max-value:0; \n                            \n         \n\n    \n    --module-text-color:var(--root-color); --module-subtitle-color:var(--root-color); --module-image-bg-pattern-color:var(--color-quaternary-500); --module-typography-ul-marker-color:var(--color-primary-500); --module-typography-link-color:var(--color-primary-500); --module-typography-link-hover-color:var(--color-primary-500); --module-legend-text-color:var(--color-primary-500);\n \">\n            \n                                            \n                \n\n\n\n\n\n\n\n\n\n\n\n\n<main class=\"l-grid   l-grid--2@md   u-items-start  u-justify-start u-gap-y-fl u-text-left\" style=\"--gap-y-min-value:3; --gap-y-max-value:3; --grid-gutter:    \n                \n                \n    clamp(1.5000rem, 0.3636rem + 3.030303030303vw, 4.0000rem)\n;\">\n                    <div class=\"l-grid__block\">\n            <h2 target class=\"c-title    c-title--300\" style=\"--title-emphasis-color: var(--color-root-white);\">\n        \u00c0 propos du Barom\u00e8tre CQCD\n            <\/h2>\n        <\/div>\n                    <div class=\"l-grid__block\">\n            <div class=\"c-typography  c-typography--paragraph-size\" style=\"--typography-paragraph-font-size: var(--font-size-180); --typography-max-width: 100%;\">\n    <p class=\"MsoNormal\">R\u00e9alis\u00e9 en collaboration avec la firme ORAMA Marketing, le Barom\u00e8tre CQCD est une recherche produite tous les mois afin de sonder les consommateurs qu\u00e9b\u00e9cois. Les donn\u00e9es permettent de guider les d\u00e9taillants \u00e0 propos des intentions d\u2019achats des consommateurs et les aider \u00e0 prendre les meilleures d\u00e9cisions pour bien r\u00e9pondre \u00e0 leurs attentes. Celui-ci est r\u00e9serv\u00e9 aux d\u00e9taillants membres du Conseil qu\u00e9b\u00e9cois du commerce de d\u00e9tail (CQCD).<\/p>\n<p class=\"MsoNormal\"><a href=\"https:\/\/www.cqcd.org\/devenir-membre\/\">Devenez d\u00e9taillant membre du CQCD<\/a> pour avoir acc\u00e8s \u00e0 l\u2019\u00e9tude compl\u00e8te sur les heures d\u2019ouverture (30 pages).<\/p>\n\n<\/div>\n        <\/div>\n    <\/main>\n                                <\/div>\n    <\/div>\n<\/section>\n\n\n    \n\n\n\n\n\n\n\n\n\n\n\n\n\n<section data-module='m03a' class=\"md:u-pt-fl m-content m-content--image-double   u-bg-[var(--module-background-color)] \" style=\"--module-background-color:var(--color-primary-50); --pt-min-value:0; --pt-max-value:0;\">\n        <div class=\"l-container \" style=\"\" >\n        <div class=\"m-content__content u-pt-fl u-pb-fl u-px-fl u-text-[var(--module-text-color)]   \" style=\"--pt-min-value:7; --pt-max-value:10; --pb-min-value:7; --pb-max-value:10; --px-min-value:0; --px-max-value:0; \n                            \n         \n\n    \n    --module-text-color:var(--root-color); --module-subtitle-color:var(--root-color); --module-image-bg-pattern-color:var(--color-quaternary-500); --module-typography-ul-marker-color:var(--color-primary-500); --module-typography-link-color:var(--color-primary-500); --module-typography-link-hover-color:var(--color-primary-500); --module-legend-text-color:var(--color-primary-500);\n \">\n            \n                                            \n                \n\n\n\n\n\n\n\n\n\n\n\n\n<main class=\"l-grid   l-grid--2@md   u-items-start  u-justify-start u-gap-y-fl u-text-left\" style=\"--gap-y-min-value:3; --gap-y-max-value:3; --grid-gutter:    \n                \n                \n    clamp(1.5000rem, 0.3636rem + 3.030303030303vw, 4.0000rem)\n;\">\n                    <div class=\"l-grid__block\">\n            \n        <\/div>\n                    <div class=\"l-grid__block\">\n            <div class=\"c-typography  c-typography--paragraph-size\" style=\"--typography-paragraph-font-size: var(--font-size-180); --typography-max-width: 100%;\">\n    <p class=\"MsoNormal\">Source : Conseil qu\u00e9b\u00e9cois du commerce de d\u00e9tail<\/p>\n<p class=\"MsoNormal\">Renseignements :<\/p>\n<p class=\"MsoNormal\">Karina Serei<\/p>\n<p class=\"MsoNormal\">Directrice principale, op\u00e9rations et communications<\/p>\n<p class=\"MsoNormal\">kserei@cqcd.org<\/p>\n<p class=\"MsoNormal\">514 688-0128<\/p>\n\n<\/div>\n        <\/div>\n    <\/main>\n                                <\/div>\n    <\/div>\n<\/section>\n","protected":false},"excerpt":{"rendered":"","protected":false},"featured_media":3300,"template":"","article_category":[107,108,102,105],"class_list":["post-3302","blog_article","type-blog_article","status-publish","has-post-thumbnail","hentry","article_category-studies-and-surveys","article_category-press-release","article_category-retail-en","article_category-rcq-news"],"acf":[],"yoast_head":"<!-- This site is optimized with the Yoast SEO plugin v27.2 - https:\/\/yoast.com\/product\/yoast-seo-wordpress\/ -->\n<title>Retail : towards the end of &quot;Boxing Day&quot; and regular opening hours? - Conseil qu\u00e9b\u00e9cois du commerce de d\u00e9tail<\/title>\n<meta name=\"robots\" content=\"index, follow, max-snippet:-1, max-image-preview:large, max-video-preview:-1\" \/>\n<link rel=\"canonical\" href=\"https:\/\/www.cqcd.org\/en\/blog\/boxing-day-opening-hours\/\" \/>\n<meta property=\"og:locale\" content=\"en_US\" \/>\n<meta property=\"og:type\" content=\"article\" \/>\n<meta property=\"og:title\" content=\"Retail : towards the end of &quot;Boxing Day&quot; and regular opening hours? - Conseil qu\u00e9b\u00e9cois du commerce de d\u00e9tail\" \/>\n<meta property=\"og:url\" content=\"https:\/\/www.cqcd.org\/en\/blog\/boxing-day-opening-hours\/\" \/>\n<meta property=\"og:site_name\" content=\"Conseil qu\u00e9b\u00e9cois du commerce de d\u00e9tail\" \/>\n<meta property=\"article:modified_time\" content=\"2024-07-16T18:46:22+00:00\" \/>\n<meta property=\"og:image\" content=\"https:\/\/www.cqcd.org\/wp-content\/uploads\/2024\/07\/Shopping-boxing-day.jpg\" \/>\n\t<meta property=\"og:image:width\" content=\"437\" \/>\n\t<meta property=\"og:image:height\" content=\"327\" \/>\n\t<meta property=\"og:image:type\" content=\"image\/jpeg\" \/>\n<meta name=\"twitter:card\" content=\"summary_large_image\" \/>\n<meta name=\"twitter:label1\" content=\"Est. reading time\" \/>\n\t<meta name=\"twitter:data1\" content=\"1 minute\" \/>\n<script type=\"application\/ld+json\" class=\"yoast-schema-graph\">{\"@context\":\"https:\/\/schema.org\",\"@graph\":[{\"@type\":\"WebPage\",\"@id\":\"https:\/\/www.cqcd.org\/en\/blog\/boxing-day-opening-hours\/\",\"url\":\"https:\/\/www.cqcd.org\/en\/blog\/boxing-day-opening-hours\/\",\"name\":\"Retail : towards the end of \\\"Boxing Day\\\" and regular opening hours? - Conseil qu\u00e9b\u00e9cois du commerce de d\u00e9tail\",\"isPartOf\":{\"@id\":\"https:\/\/www.cqcd.org\/en\/#website\"},\"primaryImageOfPage\":{\"@id\":\"https:\/\/www.cqcd.org\/en\/blog\/boxing-day-opening-hours\/#primaryimage\"},\"image\":{\"@id\":\"https:\/\/www.cqcd.org\/en\/blog\/boxing-day-opening-hours\/#primaryimage\"},\"thumbnailUrl\":\"https:\/\/www.cqcd.org\/wp-content\/uploads\/2024\/07\/Shopping-boxing-day.jpg\",\"datePublished\":\"2023-02-28T19:27:00+00:00\",\"dateModified\":\"2024-07-16T18:46:22+00:00\",\"breadcrumb\":{\"@id\":\"https:\/\/www.cqcd.org\/en\/blog\/boxing-day-opening-hours\/#breadcrumb\"},\"inLanguage\":\"en-US\",\"potentialAction\":[{\"@type\":\"ReadAction\",\"target\":[\"https:\/\/www.cqcd.org\/en\/blog\/boxing-day-opening-hours\/\"]}]},{\"@type\":\"ImageObject\",\"inLanguage\":\"en-US\",\"@id\":\"https:\/\/www.cqcd.org\/en\/blog\/boxing-day-opening-hours\/#primaryimage\",\"url\":\"https:\/\/www.cqcd.org\/wp-content\/uploads\/2024\/07\/Shopping-boxing-day.jpg\",\"contentUrl\":\"https:\/\/www.cqcd.org\/wp-content\/uploads\/2024\/07\/Shopping-boxing-day.jpg\",\"width\":437,\"height\":327,\"caption\":\"Shopping - boxing day\"},{\"@type\":\"BreadcrumbList\",\"@id\":\"https:\/\/www.cqcd.org\/en\/blog\/boxing-day-opening-hours\/#breadcrumb\",\"itemListElement\":[{\"@type\":\"ListItem\",\"position\":1,\"name\":\"Accueil\",\"item\":\"https:\/\/www.cqcd.org\/en\/\"},{\"@type\":\"ListItem\",\"position\":2,\"name\":\"Retail : towards the end of \u00ab\u00a0Boxing Day\u00a0\u00bb and regular opening hours?\"}]},{\"@type\":\"WebSite\",\"@id\":\"https:\/\/www.cqcd.org\/en\/#website\",\"url\":\"https:\/\/www.cqcd.org\/en\/\",\"name\":\"Conseil qu\u00e9b\u00e9cois du commerce de d\u00e9tail\",\"description\":\"\",\"potentialAction\":[{\"@type\":\"SearchAction\",\"target\":{\"@type\":\"EntryPoint\",\"urlTemplate\":\"https:\/\/www.cqcd.org\/en\/?s={search_term_string}\"},\"query-input\":{\"@type\":\"PropertyValueSpecification\",\"valueRequired\":true,\"valueName\":\"search_term_string\"}}],\"inLanguage\":\"en-US\"}]}<\/script>\n<!-- \/ Yoast SEO plugin. -->","yoast_head_json":{"title":"Retail : towards the end of \"Boxing Day\" and regular opening hours? - Conseil qu\u00e9b\u00e9cois du commerce de d\u00e9tail","robots":{"index":"index","follow":"follow","max-snippet":"max-snippet:-1","max-image-preview":"max-image-preview:large","max-video-preview":"max-video-preview:-1"},"canonical":"https:\/\/www.cqcd.org\/en\/blog\/boxing-day-opening-hours\/","og_locale":"en_US","og_type":"article","og_title":"Retail : towards the end of \"Boxing Day\" and regular opening hours? - Conseil qu\u00e9b\u00e9cois du commerce de d\u00e9tail","og_url":"https:\/\/www.cqcd.org\/en\/blog\/boxing-day-opening-hours\/","og_site_name":"Conseil qu\u00e9b\u00e9cois du commerce de d\u00e9tail","article_modified_time":"2024-07-16T18:46:22+00:00","og_image":[{"width":437,"height":327,"url":"https:\/\/www.cqcd.org\/wp-content\/uploads\/2024\/07\/Shopping-boxing-day.jpg","type":"image\/jpeg"}],"twitter_card":"summary_large_image","twitter_misc":{"Est. reading time":"1 minute"},"schema":{"@context":"https:\/\/schema.org","@graph":[{"@type":"WebPage","@id":"https:\/\/www.cqcd.org\/en\/blog\/boxing-day-opening-hours\/","url":"https:\/\/www.cqcd.org\/en\/blog\/boxing-day-opening-hours\/","name":"Retail : towards the end of \"Boxing Day\" and regular opening hours? - Conseil qu\u00e9b\u00e9cois du commerce de d\u00e9tail","isPartOf":{"@id":"https:\/\/www.cqcd.org\/en\/#website"},"primaryImageOfPage":{"@id":"https:\/\/www.cqcd.org\/en\/blog\/boxing-day-opening-hours\/#primaryimage"},"image":{"@id":"https:\/\/www.cqcd.org\/en\/blog\/boxing-day-opening-hours\/#primaryimage"},"thumbnailUrl":"https:\/\/www.cqcd.org\/wp-content\/uploads\/2024\/07\/Shopping-boxing-day.jpg","datePublished":"2023-02-28T19:27:00+00:00","dateModified":"2024-07-16T18:46:22+00:00","breadcrumb":{"@id":"https:\/\/www.cqcd.org\/en\/blog\/boxing-day-opening-hours\/#breadcrumb"},"inLanguage":"en-US","potentialAction":[{"@type":"ReadAction","target":["https:\/\/www.cqcd.org\/en\/blog\/boxing-day-opening-hours\/"]}]},{"@type":"ImageObject","inLanguage":"en-US","@id":"https:\/\/www.cqcd.org\/en\/blog\/boxing-day-opening-hours\/#primaryimage","url":"https:\/\/www.cqcd.org\/wp-content\/uploads\/2024\/07\/Shopping-boxing-day.jpg","contentUrl":"https:\/\/www.cqcd.org\/wp-content\/uploads\/2024\/07\/Shopping-boxing-day.jpg","width":437,"height":327,"caption":"Shopping - boxing day"},{"@type":"BreadcrumbList","@id":"https:\/\/www.cqcd.org\/en\/blog\/boxing-day-opening-hours\/#breadcrumb","itemListElement":[{"@type":"ListItem","position":1,"name":"Accueil","item":"https:\/\/www.cqcd.org\/en\/"},{"@type":"ListItem","position":2,"name":"Retail : towards the end of \u00ab\u00a0Boxing Day\u00a0\u00bb and regular opening hours?"}]},{"@type":"WebSite","@id":"https:\/\/www.cqcd.org\/en\/#website","url":"https:\/\/www.cqcd.org\/en\/","name":"Conseil qu\u00e9b\u00e9cois du commerce de d\u00e9tail","description":"","potentialAction":[{"@type":"SearchAction","target":{"@type":"EntryPoint","urlTemplate":"https:\/\/www.cqcd.org\/en\/?s={search_term_string}"},"query-input":{"@type":"PropertyValueSpecification","valueRequired":true,"valueName":"search_term_string"}}],"inLanguage":"en-US"}]}},"_links":{"self":[{"href":"https:\/\/www.cqcd.org\/en\/wp-json\/wp\/v2\/blog_article\/3302","targetHints":{"allow":["GET"]}}],"collection":[{"href":"https:\/\/www.cqcd.org\/en\/wp-json\/wp\/v2\/blog_article"}],"about":[{"href":"https:\/\/www.cqcd.org\/en\/wp-json\/wp\/v2\/types\/blog_article"}],"wp:featuredmedia":[{"embeddable":true,"href":"https:\/\/www.cqcd.org\/en\/wp-json\/wp\/v2\/media\/3300"}],"wp:attachment":[{"href":"https:\/\/www.cqcd.org\/en\/wp-json\/wp\/v2\/media?parent=3302"}],"wp:term":[{"taxonomy":"article_category","embeddable":true,"href":"https:\/\/www.cqcd.org\/en\/wp-json\/wp\/v2\/article_category?post=3302"}],"curies":[{"name":"wp","href":"https:\/\/api.w.org\/{rel}","templated":true}]}}