{"id":3360,"date":"2022-10-17T15:36:00","date_gmt":"2022-10-17T19:36:00","guid":{"rendered":"https:\/\/www.cqcd.org\/blogue\/mettre-de-lavant-les-produits-quebecois-pour-favoriser-lachat-local\/"},"modified":"2024-07-16T16:51:14","modified_gmt":"2024-07-16T20:51:14","slug":"promoting-quebec-products-to-support-local-purchasing","status":"publish","type":"blog_article","link":"https:\/\/www.cqcd.org\/en\/blog\/promoting-quebec-products-to-support-local-purchasing\/","title":{"rendered":"Promoting Quebec products to support local purchasing"},"content":{"rendered":"    \n\n\n\n\n\n\n\n\n\n\n\n\n\n<section data-module='m03a' class=\"md:u-pt-fl m-content m-content--image-double   u-bg-[var(--module-background-color)] \" style=\"--module-background-color:var(--color-quaternary-100); --pt-min-value:0; --pt-max-value:0;\">\n        <div class=\"l-container \" style=\"\" >\n        <div class=\"m-content__content u-pt-fl u-pb-fl u-px-fl u-text-[var(--module-text-color)]   \" style=\"--pt-min-value:7; --pt-max-value:10; --pb-min-value:7; --pb-max-value:10; --px-min-value:0; --px-max-value:0; \n                            \n                \n         \n\n    \n    --module-text-color:var(--root-color); --module-subtitle-color:var(--root-color); --module-image-bg-pattern-color:var(--color-quaternary-500); --module-typography-ul-marker-color:var(--color-primary-500); --module-typography-link-color:var(--color-primary-500); --module-typography-link-hover-color:var(--color-primary-500); --module-legend-text-color:var(--color-primary-500);\n \">\n            \n                                            \n                \n\n\n\n\n\n\n\n\n\n\n\n\n<main class=\"l-grid   l-grid--2@md   u-items-center  u-justify-start u-gap-y-fl u-text-left\" style=\"--gap-y-min-value:5; --gap-y-max-value:7; --grid-gutter:    \n                \n                \n    clamp(1.5000rem, 1.2727rem + 0.60606060606061vw, 2.0000rem)\n;\">\n                    <div class=\"l-grid__block\">\n            <picture     \n                        \n                                        \n                                            \n                                                                            \n                        \n     class=\"c-image   c-image-has-bg-pattern c-image-has-bg-pattern--right\" style=\"--border-radius: 8; --radius: 0; --image-bg-pattern-offset-amount:9; --image-bg-pattern-mobile-offset-amount:4.5; --image-bg-pattern-color:var(--color-quaternary-500);\"\n>\n    \n    \n    \n            <source\n            media=\"(min-width: 900px)\"\n            srcset=\"https:\/\/www.cqcd.org\/wp-content\/uploads\/2022\/10\/Credit_PochesFils-1024x683.jpg.webp\"\n            type=\"\"\n        >\n            <source\n            media=\"(min-width: 800px)\"\n            srcset=\"https:\/\/www.cqcd.org\/wp-content\/uploads\/2022\/10\/Credit_PochesFils-1024x683.jpg-800x600.webp\"\n            type=\"\"\n        >\n            <source\n            media=\"(min-width: 400px)\"\n            srcset=\"https:\/\/www.cqcd.org\/wp-content\/uploads\/2022\/10\/Credit_PochesFils-1024x683.jpg-400x300.webp\"\n            type=\"\"\n        >\n        <img loading=\"lazy\" decoding=\"async\"     \n                        \n                                        \n                                            \n                                        \n                                            \n                                        \n                                            \n                                        \n                                            \n                                        \n                                                                    \n                                        \n                                            \n                                                                            \n                        \n     class=\"u-w-full u-h-auto\" src=\"https:\/\/www.cqcd.org\/wp-content\/uploads\/2022\/10\/Credit_PochesFils-1024x683.jpg.webp\" alt=\"Fournisseur local situ\u00e9 \u00e0 Lac-Drolet \u2013 Poches et fils \u2013 Entreprise certifi\u00e9e \u00abLes Produits du Qu\u00e9bec\u00bb\n\" width=\"1024\" height=\"683\" fetchpriority=\"auto\" style=\"\"\n\/>\n\n    <\/picture>\n    <div class=\"c-image__footer u-flex u-flex-col u-gap-y-1 u-mt-4\"\n        style=\"\n            --image-bg-pattern-offset-amount: 9;\n            --image-bg-pattern-mobile-offset-amount: 4.5;\n        \"\n    >\n        <div class=\"c-typography\"\n            style=\"\n                --typography-color: var(--module-text-color);\n                --typography-font-size: var(--font-size-120);\n            \"\n        >\n                            <legend class=\"u-text-[var(--module-legend-text-color)]\">\n                    Fournisseur local situ\u00e9 \u00e0 Lac-Drolet \u2013 Poches et fils \u2013 Entreprise certifi\u00e9e \u00abLes Produits du Qu\u00e9bec\u00bb\n\n                <\/legend>\n                                <\/div>\n    <\/div>\n        <\/div>\n                    <div class=\"l-grid__block\">\n            <h2 target class=\"c-title    c-title--300\" style=\"--title-emphasis-color: var(--color-root-white);\">\n        Pourquoi encourager l\u2019achat de produits qu\u00e9b\u00e9cois\n            <\/h2>\n\n                                        \n\n\n\n\n\n\n\n\n\n\n\n\n<div class=\"c-typography  u-mt-6 c-typography--paragraph-size\" style=\"--typography-paragraph-font-size: var(--font-size-180); --typography-max-width: 100%;\">\n    <p class=\"MsoNormal\">Parce que \u00e7a encourage l\u2019\u00e9conomie qu\u00e9b\u00e9coise, bien s\u00fbr. En favorisant l\u2019achat local, nous contribuons tous \u00e0 faire prosp\u00e9rer les entreprises d\u2019ici. Elles g\u00e9n\u00e9reront davantage de recettes, auront besoin d\u2019un plus grand nombre d\u2019employ\u00e9s et pourraient devoir agrandir leurs locaux ou leurs usines. Acheter local contribue donc de fa\u00e7on directe \u00e0 l\u2019\u00e9conomie et \u00e0 la cr\u00e9ation d\u2019emplois.<\/p>\n<p class=\"MsoNormal\">L\u2019achat local a \u00e9galement une incidence positive sur notre plan\u00e8te, une pr\u00e9occupation de plus en plus importante pour la population. Puisque le transport des produits qu\u00e9b\u00e9cois est consid\u00e9rablement \u00e9court\u00e9, cela contribue positivement \u00e0 r\u00e9duire les \u00e9missions de gaz \u00e0 effet de serre et \u00e0 diminuer notre empreinte environnementale.<\/p>\n<p class=\"MsoNormal\">Au-del\u00e0 du produit final, une entreprise peut aussi contribuer \u00e0 l\u2019\u00e9conomie qu\u00e9b\u00e9coise en ajoutant des intrants qu\u00e9b\u00e9cois \u00e0 sa cha\u00eene de production. Le fabricant de chandails personnalis\u00e9s qu\u00e9b\u00e9cois Poches et fils en est d\u2019ailleurs un exemple inspirant. Depuis un an et demi maintenant, l\u2019entreprise a cess\u00e9 la production de ses chandails en Asie et a plut\u00f4t d\u00e9cid\u00e9 d\u2019opter pour un fournisseur local situ\u00e9 \u00e0 Lac-Drolet. Ainsi, les consommateurs qui se procurent des chandails aupr\u00e8s de cette entreprise ach\u00e8tent maintenant un v\u00eatement 100 % produit au Qu\u00e9bec.<\/p>\n\n<\/div>\n        <\/div>\n    <\/main>\n                                <\/div>\n    <\/div>\n<\/section>\n\n\n    \n\n\n\n\n\n\n\n\n\n\n\n\n\n<section data-module='m03a' class=\"md:u-pt-fl m-content m-content--image-double   u-bg-[var(--module-background-color)] \" style=\"--module-background-color:var(--color-root-white); --pt-min-value:0; --pt-max-value:0;\">\n        <div class=\"l-container \" style=\"\" >\n        <div class=\"m-content__content u-pt-fl u-pb-fl u-px-fl u-text-[var(--module-text-color)]   \" style=\"--pt-min-value:7; --pt-max-value:10; --pb-min-value:7; --pb-max-value:10; --px-min-value:0; --px-max-value:0; \n                            \n         \n\n    \n    --module-text-color:var(--root-color); --module-subtitle-color:var(--root-color); --module-image-bg-pattern-color:var(--color-quaternary-500); --module-typography-ul-marker-color:var(--color-primary-500); --module-typography-link-color:var(--color-primary-500); --module-typography-link-hover-color:var(--color-primary-500); --module-legend-text-color:var(--color-primary-500);\n \">\n            \n                                            \n                \n\n\n\n\n\n\n\n\n\n\n\n\n<main class=\"l-grid   l-grid--2@md   u-items-center  u-justify-start u-gap-y-fl u-text-left\" style=\"--gap-y-min-value:5; --gap-y-max-value:7; --grid-gutter:    \n                \n                \n    clamp(1.5000rem, 1.2727rem + 0.60606060606061vw, 2.0000rem)\n;\">\n                    <div class=\"l-grid__block\">\n            <picture     \n                        \n                                        \n                                            \n                                                                            \n                        \n     class=\"c-image   c-image-has-bg-pattern c-image-has-bg-pattern--right\" style=\"--border-radius: 8; --radius: 0; --image-bg-pattern-offset-amount:9; --image-bg-pattern-mobile-offset-amount:4.5; --image-bg-pattern-color:var(--color-quaternary-500);\"\n>\n    \n    \n    \n            <source\n            media=\"(min-width: 900px)\"\n            srcset=\"https:\/\/www.cqcd.org\/wp-content\/uploads\/2022\/10\/Luminaire-Authentik.jpg.webp\"\n            type=\"\"\n        >\n            <source\n            media=\"(min-width: 800px)\"\n            srcset=\"https:\/\/www.cqcd.org\/wp-content\/uploads\/2022\/10\/Luminaire-Authentik.jpg-566x600.webp\"\n            type=\"\"\n        >\n            <source\n            media=\"(min-width: 400px)\"\n            srcset=\"https:\/\/www.cqcd.org\/wp-content\/uploads\/2022\/10\/Luminaire-Authentik.jpg-400x300.webp\"\n            type=\"\"\n        >\n        <img loading=\"lazy\" decoding=\"async\"     \n                        \n                                        \n                                            \n                                        \n                                            \n                                        \n                                            \n                                        \n                                            \n                                        \n                                                                    \n                                        \n                                            \n                                                                            \n                        \n     class=\"u-w-full u-h-auto\" src=\"https:\/\/www.cqcd.org\/wp-content\/uploads\/2022\/10\/Luminaire-Authentik.jpg.webp\" alt=\"Entreprise certifi\u00e9e \u00abLes Produits du Qu\u00e9bec\u00bb \u2013 Luminaire Authentik: Fabricant de Luminaires Sur Mesure\" width=\"566\" height=\"650\" fetchpriority=\"auto\" style=\"\"\n\/>\n\n    <\/picture>\n    <div class=\"c-image__footer u-flex u-flex-col u-gap-y-1 u-mt-4\"\n        style=\"\n            --image-bg-pattern-offset-amount: 9;\n            --image-bg-pattern-mobile-offset-amount: 4.5;\n        \"\n    >\n        <div class=\"c-typography\"\n            style=\"\n                --typography-color: var(--module-text-color);\n                --typography-font-size: var(--font-size-120);\n            \"\n        >\n                            <legend class=\"u-text-[var(--module-legend-text-color)]\">\n                    Entreprise certifi\u00e9e \u00abLes Produits du Qu\u00e9bec\u00bb \u2013 Luminaire Authentik: Fabricant de Luminaires Sur Mesure\n                <\/legend>\n                                <\/div>\n    <\/div>\n        <\/div>\n                    <div class=\"l-grid__block\">\n            <h2 target class=\"c-title    c-title--300\" style=\"--title-emphasis-color: var(--color-root-white);\">\n        La commercialisation : un \u00e9l\u00e9ment cl\u00e9\n            <\/h2>\n\n                                        \n\n\n\n\n\n\n\n\n\n\n\n\n<div class=\"c-typography  u-mt-6 c-typography--paragraph-size\" style=\"--typography-paragraph-font-size: var(--font-size-180); --typography-max-width: 100%;\">\n    <p class=\"MsoNormal\">\u00c7a peut sembler une \u00e9vidence, mais pour qu\u2019un consommateur ach\u00e8te un produit qu\u00e9b\u00e9cois, il doit d\u2019abord savoir qu\u2019il existe. En effet, pour 40 % de la population adulte et 37 % des entreprises, le principal frein \u00e0 l\u2019achat de produits ou services locaux est qu\u2019ils sont mal identifi\u00e9s comme tels (Sondage SOM r\u00e9alis\u00e9 pour le compte du Minist\u00e8re de l\u2019\u00e9conomie et de l\u2019innovation du Qu\u00e9bec, juin 2021). C\u2019est pourquoi l\u2019identification des produits doit \u00eatre une priorit\u00e9 autant pour les d\u00e9taillants que pour les manufacturiers.<\/p>\n<p class=\"MsoNormal\">\u00a0Nous savons aussi que 82 % des acheteurs prennent leurs d\u00e9cisions d\u2019achat en magasin en fonction de l\u2019impact que suscitera la mise en avant des produits. C\u2019est pourquoi il est si important de maximiser la visibilit\u00e9 des produits et d\u2019en faciliter le rep\u00e9rage, et ce, autant en ligne qu\u2019en magasin.<\/p>\n\n<\/div>\n        <\/div>\n    <\/main>\n                                <\/div>\n    <\/div>\n<\/section>\n\n\n    \n\n\n\n\n\n\n\n\n\n\n\n\n\n<section data-module='m03a' class=\"md:u-pt-fl m-content m-content--image-double   u-bg-[var(--module-background-color)] \" style=\"--module-background-color:var(--color-quaternary-100); --pt-min-value:0; --pt-max-value:0;\">\n        <div class=\"l-container \" style=\"\" >\n        <div class=\"m-content__content u-pt-fl u-pb-fl u-px-fl u-text-[var(--module-text-color)]   \" style=\"--pt-min-value:7; --pt-max-value:10; --pb-min-value:7; --pb-max-value:10; --px-min-value:0; --px-max-value:0; \n                            \n                \n         \n\n    \n    --module-text-color:var(--root-color); --module-subtitle-color:var(--root-color); --module-image-bg-pattern-color:var(--color-quaternary-500); --module-typography-ul-marker-color:var(--color-primary-500); --module-typography-link-color:var(--color-primary-500); --module-typography-link-hover-color:var(--color-primary-500); --module-legend-text-color:var(--color-primary-500);\n \">\n            \n                                            \n                \n\n\n\n\n\n\n\n\n\n\n\n\n<main class=\"l-grid   l-grid--2@md   u-items-center  u-justify-start u-gap-y-fl u-text-left\" style=\"--gap-y-min-value:5; --gap-y-max-value:7; --grid-gutter:    \n                \n                \n    clamp(1.5000rem, 1.2727rem + 0.60606060606061vw, 2.0000rem)\n;\">\n                    <div class=\"l-grid__block\">\n            <picture     \n                        \n                                        \n                                            \n                                                                            \n                        \n     class=\"c-image   c-image-has-bg-pattern c-image-has-bg-pattern--right\" style=\"--border-radius: 8; --radius: 0; --image-bg-pattern-offset-amount:9; --image-bg-pattern-mobile-offset-amount:4.5; --image-bg-pattern-color:var(--color-quaternary-500);\"\n>\n    \n    \n    \n            <source\n            media=\"(min-width: 900px)\"\n            srcset=\"https:\/\/www.cqcd.org\/wp-content\/uploads\/2022\/10\/Credit_Verbec-600x900.jpg.webp\"\n            type=\"\"\n        >\n            <source\n            media=\"(min-width: 800px)\"\n            srcset=\"https:\/\/www.cqcd.org\/wp-content\/uploads\/2022\/10\/Credit_Verbec-600x900.jpg-600x600.webp\"\n            type=\"\"\n        >\n            <source\n            media=\"(min-width: 400px)\"\n            srcset=\"https:\/\/www.cqcd.org\/wp-content\/uploads\/2022\/10\/Credit_Verbec-600x900.jpg-400x300.webp\"\n            type=\"\"\n        >\n        <img loading=\"lazy\" decoding=\"async\"     \n                        \n                                        \n                                            \n                                        \n                                            \n                                        \n                                            \n                                        \n                                            \n                                        \n                                                                    \n                                        \n                                            \n                                                                            \n                        \n     class=\"u-w-full u-h-auto\" src=\"https:\/\/www.cqcd.org\/wp-content\/uploads\/2022\/10\/Credit_Verbec-600x900.jpg.webp\" alt=\"Cadres Verbec \u2013 Entreprise certifi\u00e9e \u00abLes Produits du Qu\u00e9bec\u00bb\" width=\"600\" height=\"900\" fetchpriority=\"auto\" style=\"\"\n\/>\n\n    <\/picture>\n    <div class=\"c-image__footer u-flex u-flex-col u-gap-y-1 u-mt-4\"\n        style=\"\n            --image-bg-pattern-offset-amount: 9;\n            --image-bg-pattern-mobile-offset-amount: 4.5;\n        \"\n    >\n        <div class=\"c-typography\"\n            style=\"\n                --typography-color: var(--module-text-color);\n                --typography-font-size: var(--font-size-120);\n            \"\n        >\n                            <legend class=\"u-text-[var(--module-legend-text-color)]\">\n                    Cadres Verbec \u2013 Entreprise certifi\u00e9e \u00abLes Produits du Qu\u00e9bec\u00bb\n                <\/legend>\n                                <\/div>\n    <\/div>\n        <\/div>\n                    <div class=\"l-grid__block\">\n            <h2 target class=\"c-title    c-title--300\" style=\"--title-emphasis-color: var(--color-root-white);\">\n        Des initiatives pour mieux identifier les produits\n            <\/h2>\n\n                                        \n\n\n\n\n\n\n\n\n\n\n\n\n<div class=\"c-typography  u-mt-6 c-typography--paragraph-size\" style=\"--typography-paragraph-font-size: var(--font-size-180); --typography-max-width: 100%;\">\n    <p class=\"MsoNormal\">Selon une \u00e9tude effectu\u00e9e par L\u00e9ger en juin 2020 (L\u2019\u00c9tude Bleue \u2013 Acheter local au Qu\u00e9bec), une marque de certification est la preuve la plus \u00e9vidente aux yeux du consommateur que le produit est local. Diff\u00e9rentes initiatives visant \u00e0 mieux rep\u00e9rer les produits qu\u00e9b\u00e9cois, autant aupr\u00e8s de la cha\u00eene d\u2019approvisionnement que du consommateur, sont en place. Aliments du Qu\u00e9bec, un programme phare faisant partie du paysage qu\u00e9b\u00e9cois depuis plus de 25 ans, en est un excellent exemple. Un nouveau programme a fait son apparition cette ann\u00e9e dans le secteur du commerce de d\u00e9tail. L\u2019organisme \u00e0 but non lucratif <a href=\"https:\/\/lesproduitsduquebec.com\/\">Les Produits du Qu\u00e9bec<\/a> offre lui aussi une famille de marques de certification pour faciliter l\u2019identification et le rep\u00e9rage des produits manufactur\u00e9s qu\u00e9b\u00e9cois. Puisque la prise de d\u00e9cision s\u2019effectue souvent en magasin, les marques de certification viennent jouer un r\u00f4le crucial aupr\u00e8s du consommateur.<\/p>\n\n<\/div>\n        <\/div>\n    <\/main>\n                                <\/div>\n    <\/div>\n<\/section>\n\n\n    \n\n\n\n\n\n\n\n\n\n\n\n\n\n<section data-module='m03a' class=\"md:u-pt-fl m-content m-content--image-double   u-bg-[var(--module-background-color)] \" style=\"--module-background-color:var(--color-root-white); --pt-min-value:0; --pt-max-value:0;\">\n        <div class=\"l-container \" style=\"\" >\n        <div class=\"m-content__content u-pt-fl u-pb-fl u-px-fl u-text-[var(--module-text-color)]   \" style=\"--pt-min-value:7; --pt-max-value:10; --pb-min-value:7; --pb-max-value:10; --px-min-value:0; --px-max-value:0; \n                            \n         \n\n    \n    --module-text-color:var(--root-color); --module-subtitle-color:var(--root-color); --module-image-bg-pattern-color:var(--color-quaternary-500); --module-typography-ul-marker-color:var(--color-primary-500); --module-typography-link-color:var(--color-primary-500); --module-typography-link-hover-color:var(--color-primary-500); --module-legend-text-color:var(--color-primary-500);\n \">\n            \n                                            \n                \n\n\n\n\n\n\n\n\n\n\n\n\n<main class=\"l-grid   l-grid--2@md   u-items-center  u-justify-start u-gap-y-fl u-text-left\" style=\"--gap-y-min-value:5; --gap-y-max-value:7; --grid-gutter:    \n                \n                \n    clamp(1.5000rem, 1.2727rem + 0.60606060606061vw, 2.0000rem)\n;\">\n                    <div class=\"l-grid__block\">\n            <picture     \n                        \n                                        \n                                            \n                                                                            \n                        \n     class=\"c-image   c-image-has-bg-pattern c-image-has-bg-pattern--right\" style=\"--border-radius: 8; --radius: 0; --image-bg-pattern-offset-amount:9; --image-bg-pattern-mobile-offset-amount:4.5; --image-bg-pattern-color:var(--color-quaternary-500);\"\n>\n    \n    \n    \n            <source\n            media=\"(min-width: 900px)\"\n            srcset=\"https:\/\/www.cqcd.org\/wp-content\/uploads\/2022\/10\/Photo-vetements-684x1024.jpg-684x900.webp\"\n            type=\"\"\n        >\n            <source\n            media=\"(min-width: 800px)\"\n            srcset=\"https:\/\/www.cqcd.org\/wp-content\/uploads\/2022\/10\/Photo-vetements-684x1024.jpg-684x600.webp\"\n            type=\"\"\n        >\n            <source\n            media=\"(min-width: 400px)\"\n            srcset=\"https:\/\/www.cqcd.org\/wp-content\/uploads\/2022\/10\/Photo-vetements-684x1024.jpg-400x300.webp\"\n            type=\"\"\n        >\n        <img loading=\"lazy\" decoding=\"async\"     \n                        \n                                        \n                                            \n                                        \n                                            \n                                        \n                                            \n                                        \n                                            \n                                        \n                                                                    \n                                        \n                                            \n                                                                            \n                        \n     class=\"u-w-full u-h-auto\" src=\"https:\/\/www.cqcd.org\/wp-content\/uploads\/2022\/10\/Photo-vetements-684x1024.jpg-684x900.webp\" alt width=\"684\" height=\"900\" fetchpriority=\"auto\" style=\"\"\n\/>\n\n    <\/picture>\n        <\/div>\n                    <div class=\"l-grid__block\">\n            <h2 target class=\"c-title    c-title--300\" style=\"--title-emphasis-color: var(--color-root-white);\">\n        Faire rayonner les produits qu\u00e9b\u00e9cois en magasin et en ligne\n            <\/h2>\n\n                                        \n\n\n\n\n\n\n\n\n\n\n\n\n<div class=\"c-typography  u-mt-6 c-typography--paragraph-size\" style=\"--typography-paragraph-font-size: var(--font-size-180); --typography-max-width: 100%;\">\n    <p class=\"MsoNormal\">Comment les entreprises qu\u00e9b\u00e9coises peuvent-elles se d\u00e9marquer afin d\u2019augmenter la vente de leurs produits? Certains d\u00e9taillants et manufacturiers mettent de l\u2019avant leur origine locale au moyen de diff\u00e9rentes initiatives individuelles. Toutefois, les avantages d\u2019adh\u00e9rer \u00e0 un programme officiel et reconnu sont nombreux. Entre autres, cela accro\u00eet la visibilit\u00e9 des produits, assure une coh\u00e9rence aupr\u00e8s des consommateurs et permet de tisser des liens et de cr\u00e9er de nouvelles alliances avec des fournisseurs.<\/p>\n<p class=\"MsoNormal\">Par exemple, une entreprise qui s\u2019inscrit au programme Les Produits du Qu\u00e9bec et qui soumet une demande pour une marque de certification en tirera de nombreux b\u00e9n\u00e9fices. Lorsqu\u2019une entreprise re\u00e7oit sa marque de certification, elle peut ensuite utiliser le logo de diverses fa\u00e7ons, comme en l\u2019apposant sur son produit ou sur son emballage, ou en utilisant du mat\u00e9riel promotionnel pour augmenter la visibilit\u00e9 en magasin. Les logos peuvent \u00e9galement \u00eatre utilis\u00e9s sur le site Web des manufacturiers, sur leurs m\u00e9dias sociaux ou m\u00eame dans leurs campagnes promotionnelles. Du c\u00f4t\u00e9 d\u00e9taillant, une cha\u00eene pourrait facilement d\u00e9cider de cr\u00e9er des zones distinctes en magasin ou d\u2019utiliser les marques de certification en circulaire, par exemple.<\/p>\n<p class=\"MsoNormal\">L\u2019int\u00e9r\u00eat des consommateurs envers les produits locaux ne se d\u00e9ment pas. Les manufacturiers et les d\u00e9taillants doivent donc embo\u00eeter le pas et s\u2019assurer de bien mettre de l\u2019avant les produits qu\u00e9b\u00e9cois en misant sur des strat\u00e9gies simples et cr\u00e9dibles. Favoriser l\u2019achat local est une approche gagnante pour le d\u00e9taillant, le manufacturier et le consommateur. Assurons-nous de continuer \u00e0 faire prosp\u00e9rer nos entreprises d\u2019ici en faisant d\u00e9couvrir nos innombrables produits qu\u00e9b\u00e9cois.<\/p>\n\n<\/div>\n        <\/div>\n    <\/main>\n                                <\/div>\n    <\/div>\n<\/section>\n","protected":false},"excerpt":{"rendered":"","protected":false},"featured_media":3366,"template":"","article_category":[102,110,117],"class_list":["post-3360","blog_article","type-blog_article","status-publish","has-post-thumbnail","hentry","article_category-retail-en","article_category-buy-local","article_category-local-purchase"],"acf":[],"yoast_head":"<!-- This site is optimized with the Yoast SEO plugin v27.2 - https:\/\/yoast.com\/product\/yoast-seo-wordpress\/ -->\n<title>Promoting Quebec products to support local purchasing - Retail Council of Quebec<\/title>\n<meta name=\"description\" content=\"D\u00e9couvrez comment favoriser l&#039;achat local en mettant de l&#039;avant la provenance de vos produits!\" \/>\n<meta name=\"robots\" content=\"index, follow, max-snippet:-1, max-image-preview:large, max-video-preview:-1\" \/>\n<link rel=\"canonical\" href=\"https:\/\/www.cqcd.org\/en\/blog\/promoting-quebec-products-to-support-local-purchasing\/\" \/>\n<meta property=\"og:locale\" content=\"en_US\" \/>\n<meta property=\"og:type\" content=\"article\" \/>\n<meta property=\"og:title\" content=\"Promoting Quebec products to support local purchasing - Retail Council of Quebec\" \/>\n<meta property=\"og:description\" content=\"D\u00e9couvrez comment favoriser l&#039;achat local en mettant de l&#039;avant la provenance de vos produits!\" \/>\n<meta property=\"og:url\" content=\"https:\/\/www.cqcd.org\/en\/blog\/promoting-quebec-products-to-support-local-purchasing\/\" \/>\n<meta property=\"og:site_name\" content=\"Conseil qu\u00e9b\u00e9cois du commerce de d\u00e9tail\" \/>\n<meta property=\"article:modified_time\" content=\"2024-07-16T20:51:14+00:00\" \/>\n<meta name=\"twitter:card\" content=\"summary_large_image\" \/>\n<script type=\"application\/ld+json\" class=\"yoast-schema-graph\">{\"@context\":\"https:\/\/schema.org\",\"@graph\":[{\"@type\":\"WebPage\",\"@id\":\"https:\/\/www.cqcd.org\/en\/blog\/promoting-quebec-products-to-support-local-purchasing\/\",\"url\":\"https:\/\/www.cqcd.org\/en\/blog\/promoting-quebec-products-to-support-local-purchasing\/\",\"name\":\"Promoting Quebec products to support local purchasing - Retail Council of Quebec\",\"isPartOf\":{\"@id\":\"https:\/\/www.cqcd.org\/en\/#website\"},\"primaryImageOfPage\":{\"@id\":\"https:\/\/www.cqcd.org\/en\/blog\/promoting-quebec-products-to-support-local-purchasing\/#primaryimage\"},\"image\":{\"@id\":\"https:\/\/www.cqcd.org\/en\/blog\/promoting-quebec-products-to-support-local-purchasing\/#primaryimage\"},\"thumbnailUrl\":\"https:\/\/www.cqcd.org\/wp-content\/uploads\/2022\/10\/Luminaire-Authentik-1.jpg\",\"datePublished\":\"2022-10-17T19:36:00+00:00\",\"dateModified\":\"2024-07-16T20:51:14+00:00\",\"description\":\"D\u00e9couvrez comment favoriser l'achat local en mettant de l'avant la provenance de vos produits!\",\"breadcrumb\":{\"@id\":\"https:\/\/www.cqcd.org\/en\/blog\/promoting-quebec-products-to-support-local-purchasing\/#breadcrumb\"},\"inLanguage\":\"en-US\",\"potentialAction\":[{\"@type\":\"ReadAction\",\"target\":[\"https:\/\/www.cqcd.org\/en\/blog\/promoting-quebec-products-to-support-local-purchasing\/\"]}]},{\"@type\":\"ImageObject\",\"inLanguage\":\"en-US\",\"@id\":\"https:\/\/www.cqcd.org\/en\/blog\/promoting-quebec-products-to-support-local-purchasing\/#primaryimage\",\"url\":\"https:\/\/www.cqcd.org\/wp-content\/uploads\/2022\/10\/Luminaire-Authentik-1.jpg\",\"contentUrl\":\"https:\/\/www.cqcd.org\/wp-content\/uploads\/2022\/10\/Luminaire-Authentik-1.jpg\",\"width\":437,\"height\":327,\"caption\":\"Les\"},{\"@type\":\"BreadcrumbList\",\"@id\":\"https:\/\/www.cqcd.org\/en\/blog\/promoting-quebec-products-to-support-local-purchasing\/#breadcrumb\",\"itemListElement\":[{\"@type\":\"ListItem\",\"position\":1,\"name\":\"Accueil\",\"item\":\"https:\/\/www.cqcd.org\/en\/\"},{\"@type\":\"ListItem\",\"position\":2,\"name\":\"Promoting Quebec products to support local purchasing\"}]},{\"@type\":\"WebSite\",\"@id\":\"https:\/\/www.cqcd.org\/en\/#website\",\"url\":\"https:\/\/www.cqcd.org\/en\/\",\"name\":\"Conseil qu\u00e9b\u00e9cois du commerce de d\u00e9tail\",\"description\":\"\",\"potentialAction\":[{\"@type\":\"SearchAction\",\"target\":{\"@type\":\"EntryPoint\",\"urlTemplate\":\"https:\/\/www.cqcd.org\/en\/?s={search_term_string}\"},\"query-input\":{\"@type\":\"PropertyValueSpecification\",\"valueRequired\":true,\"valueName\":\"search_term_string\"}}],\"inLanguage\":\"en-US\"}]}<\/script>\n<!-- \/ Yoast SEO plugin. -->","yoast_head_json":{"title":"Promoting Quebec products to support local purchasing - Retail Council of Quebec","description":"D\u00e9couvrez comment favoriser l'achat local en mettant de l'avant la provenance de vos produits!","robots":{"index":"index","follow":"follow","max-snippet":"max-snippet:-1","max-image-preview":"max-image-preview:large","max-video-preview":"max-video-preview:-1"},"canonical":"https:\/\/www.cqcd.org\/en\/blog\/promoting-quebec-products-to-support-local-purchasing\/","og_locale":"en_US","og_type":"article","og_title":"Promoting Quebec products to support local purchasing - Retail Council of Quebec","og_description":"D\u00e9couvrez comment favoriser l'achat local en mettant de l'avant la provenance de vos produits!","og_url":"https:\/\/www.cqcd.org\/en\/blog\/promoting-quebec-products-to-support-local-purchasing\/","og_site_name":"Conseil qu\u00e9b\u00e9cois du commerce de d\u00e9tail","article_modified_time":"2024-07-16T20:51:14+00:00","twitter_card":"summary_large_image","schema":{"@context":"https:\/\/schema.org","@graph":[{"@type":"WebPage","@id":"https:\/\/www.cqcd.org\/en\/blog\/promoting-quebec-products-to-support-local-purchasing\/","url":"https:\/\/www.cqcd.org\/en\/blog\/promoting-quebec-products-to-support-local-purchasing\/","name":"Promoting Quebec products to support local purchasing - Retail Council of Quebec","isPartOf":{"@id":"https:\/\/www.cqcd.org\/en\/#website"},"primaryImageOfPage":{"@id":"https:\/\/www.cqcd.org\/en\/blog\/promoting-quebec-products-to-support-local-purchasing\/#primaryimage"},"image":{"@id":"https:\/\/www.cqcd.org\/en\/blog\/promoting-quebec-products-to-support-local-purchasing\/#primaryimage"},"thumbnailUrl":"https:\/\/www.cqcd.org\/wp-content\/uploads\/2022\/10\/Luminaire-Authentik-1.jpg","datePublished":"2022-10-17T19:36:00+00:00","dateModified":"2024-07-16T20:51:14+00:00","description":"D\u00e9couvrez comment favoriser l'achat local en mettant de l'avant la provenance de vos produits!","breadcrumb":{"@id":"https:\/\/www.cqcd.org\/en\/blog\/promoting-quebec-products-to-support-local-purchasing\/#breadcrumb"},"inLanguage":"en-US","potentialAction":[{"@type":"ReadAction","target":["https:\/\/www.cqcd.org\/en\/blog\/promoting-quebec-products-to-support-local-purchasing\/"]}]},{"@type":"ImageObject","inLanguage":"en-US","@id":"https:\/\/www.cqcd.org\/en\/blog\/promoting-quebec-products-to-support-local-purchasing\/#primaryimage","url":"https:\/\/www.cqcd.org\/wp-content\/uploads\/2022\/10\/Luminaire-Authentik-1.jpg","contentUrl":"https:\/\/www.cqcd.org\/wp-content\/uploads\/2022\/10\/Luminaire-Authentik-1.jpg","width":437,"height":327,"caption":"Les"},{"@type":"BreadcrumbList","@id":"https:\/\/www.cqcd.org\/en\/blog\/promoting-quebec-products-to-support-local-purchasing\/#breadcrumb","itemListElement":[{"@type":"ListItem","position":1,"name":"Accueil","item":"https:\/\/www.cqcd.org\/en\/"},{"@type":"ListItem","position":2,"name":"Promoting Quebec products to support local purchasing"}]},{"@type":"WebSite","@id":"https:\/\/www.cqcd.org\/en\/#website","url":"https:\/\/www.cqcd.org\/en\/","name":"Conseil qu\u00e9b\u00e9cois du commerce de d\u00e9tail","description":"","potentialAction":[{"@type":"SearchAction","target":{"@type":"EntryPoint","urlTemplate":"https:\/\/www.cqcd.org\/en\/?s={search_term_string}"},"query-input":{"@type":"PropertyValueSpecification","valueRequired":true,"valueName":"search_term_string"}}],"inLanguage":"en-US"}]}},"_links":{"self":[{"href":"https:\/\/www.cqcd.org\/en\/wp-json\/wp\/v2\/blog_article\/3360","targetHints":{"allow":["GET"]}}],"collection":[{"href":"https:\/\/www.cqcd.org\/en\/wp-json\/wp\/v2\/blog_article"}],"about":[{"href":"https:\/\/www.cqcd.org\/en\/wp-json\/wp\/v2\/types\/blog_article"}],"wp:featuredmedia":[{"embeddable":true,"href":"https:\/\/www.cqcd.org\/en\/wp-json\/wp\/v2\/media\/3366"}],"wp:attachment":[{"href":"https:\/\/www.cqcd.org\/en\/wp-json\/wp\/v2\/media?parent=3360"}],"wp:term":[{"taxonomy":"article_category","embeddable":true,"href":"https:\/\/www.cqcd.org\/en\/wp-json\/wp\/v2\/article_category?post=3360"}],"curies":[{"name":"wp","href":"https:\/\/api.w.org\/{rel}","templated":true}]}}